{"id":1719,"date":"2016-06-05T19:53:23","date_gmt":"2016-06-05T17:53:23","guid":{"rendered":"http:\/\/www.aesthetic-cosmetic.com\/blog\/?p=1719"},"modified":"2016-06-05T19:56:44","modified_gmt":"2016-06-05T17:56:44","slug":"make-up-lernen-bei-ac","status":"publish","type":"post","link":"https:\/\/www.aesthetic-cosmetic.com\/blog\/2016\/06\/make-up-lernen-bei-ac\/","title":{"rendered":"Make-up lernen bei a+c"},"content":{"rendered":"<p>Der erste Schritt der <a href=\"http:\/\/www.aesthetic-cosmetic.com\/make-up-fachfrau-mann-visagist-in.html\"><strong>Ausbildung zur Make-up Fachfrau und Visagistin<\/strong><\/a> ist erfolgreich absolviert: Tages-, Abend- und Brillen Make-up wurde mit <a href=\"http:\/\/www.aesthetic-cosmetic.com\/shireen-professionelles-make-up-163.html\"><strong>shireens Make-up <\/strong><\/a>praktisch ge\u00fcbt. Der Erfolg l\u00e4sst sich den strahlenden Mienen der Teilnehmerinnen entnehmen. Herzlichen Gl\u00fcckwunsch. Vielen Dank auch unserer Seminarleiterin Beate Dreher.<\/p>\n<p><a href=\"https:\/\/www.aesthetic-cosmetic.com\/blog\/wp-content\/uploads\/2016\/06\/20160605Visagismus.jpg\" rel=\"attachment wp-att-1720\"><img loading=\"lazy\" decoding=\"async\" class=\"aligncenter wp-image-1720\" src=\"https:\/\/www.aesthetic-cosmetic.com\/blog\/wp-content\/uploads\/2016\/06\/20160605Visagismus-300x184.jpg\" alt=\"20160605Visagismus\" width=\"430\" height=\"264\" srcset=\"https:\/\/www.aesthetic-cosmetic.com\/blog\/wp-content\/uploads\/2016\/06\/20160605Visagismus-300x184.jpg 300w, https:\/\/www.aesthetic-cosmetic.com\/blog\/wp-content\/uploads\/2016\/06\/20160605Visagismus-768x471.jpg 768w, https:\/\/www.aesthetic-cosmetic.com\/blog\/wp-content\/uploads\/2016\/06\/20160605Visagismus-1024x627.jpg 1024w\" sizes=\"auto, (max-width: 430px) 100vw, 430px\" \/><\/a><\/p>\n<p>Auf in die Arena des zweiten Praxisseminares: die angehenden Make-up Artisten werden ab Montag auf die n\u00e4chste, stilistisch h\u00f6here Ebene geleitet. Viel Erfolg!<\/p>\n<p>&nbsp;<\/p>\n","protected":false},"excerpt":{"rendered":"<p>Der erste Schritt der Ausbildung zur Make-up Fachfrau und Visagistin ist erfolgreich absolviert: Tages-, Abend- und Brillen Make-up wurde mit shireens Make-up praktisch ge\u00fcbt. Der Erfolg l\u00e4sst sich den strahlenden Mienen der Teilnehmerinnen entnehmen. Herzlichen Gl\u00fcckwunsch. Vielen Dank auch unserer Seminarleiterin Beate Dreher. Auf in die Arena des zweiten Praxisseminares: die angehenden Make-up Artisten werden [&hellip;]<\/p>\n","protected":false},"author":2,"featured_media":0,"comment_status":"open","ping_status":"open","sticky":false,"template":"","format":"standard","meta":{"footnotes":""},"categories":[1,41,3,27,64,59],"tags":[],"class_list":["post-1719","post","type-post","status-publish","format-standard","hentry","category-allgemein","category-ausbildung","category-fernunterricht","category-kurseseminare","category-shireen","category-visagismus-make-up"],"_links":{"self":[{"href":"https:\/\/www.aesthetic-cosmetic.com\/blog\/wp-json\/wp\/v2\/posts\/1719","targetHints":{"allow":["GET"]}}],"collection":[{"href":"https:\/\/www.aesthetic-cosmetic.com\/blog\/wp-json\/wp\/v2\/posts"}],"about":[{"href":"https:\/\/www.aesthetic-cosmetic.com\/blog\/wp-json\/wp\/v2\/types\/post"}],"author":[{"embeddable":true,"href":"https:\/\/www.aesthetic-cosmetic.com\/blog\/wp-json\/wp\/v2\/users\/2"}],"replies":[{"embeddable":true,"href":"https:\/\/www.aesthetic-cosmetic.com\/blog\/wp-json\/wp\/v2\/comments?post=1719"}],"version-history":[{"count":2,"href":"https:\/\/www.aesthetic-cosmetic.com\/blog\/wp-json\/wp\/v2\/posts\/1719\/revisions"}],"predecessor-version":[{"id":1723,"href":"https:\/\/www.aesthetic-cosmetic.com\/blog\/wp-json\/wp\/v2\/posts\/1719\/revisions\/1723"}],"wp:attachment":[{"href":"https:\/\/www.aesthetic-cosmetic.com\/blog\/wp-json\/wp\/v2\/media?parent=1719"}],"wp:term":[{"taxonomy":"category","embeddable":true,"href":"https:\/\/www.aesthetic-cosmetic.com\/blog\/wp-json\/wp\/v2\/categories?post=1719"},{"taxonomy":"post_tag","embeddable":true,"href":"https:\/\/www.aesthetic-cosmetic.com\/blog\/wp-json\/wp\/v2\/tags?post=1719"}],"curies":[{"name":"wp","href":"https:\/\/api.w.org\/{rel}","templated":true}]}}