{"id":1686,"date":"2016-04-11T13:20:45","date_gmt":"2016-04-11T11:20:45","guid":{"rendered":"http:\/\/www.aesthetic-cosmetic.com\/blog\/?p=1686"},"modified":"2016-04-11T13:20:45","modified_gmt":"2016-04-11T11:20:45","slug":"fernlehrgang-kosmetik-und-wellness-ohne-dschaed-laeg","status":"publish","type":"post","link":"https:\/\/www.aesthetic-cosmetic.com\/blog\/2016\/04\/fernlehrgang-kosmetik-und-wellness-ohne-dschaed-laeg\/","title":{"rendered":"Fernlehrgang Kosmetik und Wellness ohne &#8222;Dsch\u00e4d-l\u00e4g&#8220;"},"content":{"rendered":"<p>Nach der Umstellung zur Sommerzeit beklagte sich das vom SWR3 bekannte \u00c4ffle beim Pferdle, dass es danach unter einem &#8222;Dsch\u00e4d-L\u00e4g&#8220; leidete.<\/p>\n<p><a href=\"https:\/\/www.aesthetic-cosmetic.com\/blog\/wp-content\/uploads\/2016\/04\/\u00c4ffle-Pferdle-6512849_orig.jpg\" rel=\"attachment wp-att-1687\"><img loading=\"lazy\" decoding=\"async\" class=\"aligncenter  wp-image-1687\" src=\"https:\/\/www.aesthetic-cosmetic.com\/blog\/wp-content\/uploads\/2016\/04\/\u00c4ffle-Pferdle-6512849_orig-300x269.jpg\" alt=\"\u00c4ffle + Pferdle 6512849_orig\" width=\"332\" height=\"298\" srcset=\"https:\/\/www.aesthetic-cosmetic.com\/blog\/wp-content\/uploads\/2016\/04\/\u00c4ffle-Pferdle-6512849_orig-300x269.jpg 300w, https:\/\/www.aesthetic-cosmetic.com\/blog\/wp-content\/uploads\/2016\/04\/\u00c4ffle-Pferdle-6512849_orig.jpg 350w\" sizes=\"auto, (max-width: 332px) 100vw, 332px\" \/><\/a><\/p>\n<p>Dies passiert unseren Teilnehmern, z.B. am <a href=\"http:\/\/www.aesthetic-cosmetic.com\/ausbildung-zur-kosmetikerin-kosmetikschule-bei-freiburg.html\"><strong>Fernunterricht zur Kosmetikerin<\/strong><\/a> oder am <a href=\"http:\/\/www.aesthetic-cosmetic.com\/make-up-fachfrau-mann-visagist-in.html\"><strong>Online-Lernen zum\/zur Visagist\/in<\/strong><\/a> sicher nicht, denn hier handelt es sich um eine moderne Unterrichtsform, unabh\u00e4ngig von Ort und Zeit. Die Online-Plattform kann ich zu jeder Tages- und Nachtzeit nutzen, z.B. ist die <a href=\"http:\/\/www.aesthetic-cosmetic.com\/ernaehrungs-fachfrau-mann-food-coach.html\"><strong>Ausbildung zur Ern\u00e4hrungs-Fachfrau\/mann<\/strong><\/a> besonders dann interessant, wenn wir uns in einer ausgezeichneten Wachphase befinden, egal wann und wo.<\/p>\n<p>Individuelles Lernen ohne &#8222;Dsch\u00e4d-L\u00e4g&#8220; ist keine Zukunftsvision, sondern auch jetzt schon m\u00f6glich. Nutzen Sie Ihre Chancen der individuellen <strong><a href=\"http:\/\/www.aesthetic-cosmetic.com\/home.html\">Ausbildung in Kosmetik, Make-up und Wellness.<\/a><\/strong><\/p>\n","protected":false},"excerpt":{"rendered":"<p>Nach der Umstellung zur Sommerzeit beklagte sich das vom SWR3 bekannte \u00c4ffle beim Pferdle, dass es danach unter einem &#8222;Dsch\u00e4d-L\u00e4g&#8220; leidete. Dies passiert unseren Teilnehmern, z.B. am Fernunterricht zur Kosmetikerin oder am Online-Lernen zum\/zur Visagist\/in sicher nicht, denn hier handelt es sich um eine moderne Unterrichtsform, unabh\u00e4ngig von Ort und Zeit. Die Online-Plattform kann ich [&hellip;]<\/p>\n","protected":false},"author":2,"featured_media":0,"comment_status":"open","ping_status":"open","sticky":false,"template":"","format":"standard","meta":{"footnotes":""},"categories":[1,41,57,3,42,27,59,13],"tags":[36,40,47,48,45,5,6,11,4,17,73,46,43,74,24,9,26,25,12,10,8,18],"class_list":["post-1686","post","type-post","status-publish","format-standard","hentry","category-allgemein","category-ausbildung","category-ernahrungs-fachfrau","category-fernunterricht","category-kosmetik","category-kurseseminare","category-visagismus-make-up","category-wellness","tag-ausbildung-zur-kosmetikerin","tag-diplomkosmetikerin","tag-ernahrungs-fachfraumann","tag-ernahrungsberaterin","tag-farb-und-stilberaterin","tag-fernlehrgang","tag-fernlehrgang-zur-kosmetikerin","tag-fernlehrgange","tag-fernlernen","tag-fernschule","tag-fernunterricht","tag-food-coach","tag-kosmetik-akademie","tag-kosmetikerin","tag-kosmetikschule","tag-make-up-fachfrau","tag-make-up-artist","tag-maskenbildner","tag-visagist","tag-visagistin","tag-wellness-beauty-fachfrau","tag-wellness-und-beauty-fachfrau"],"_links":{"self":[{"href":"https:\/\/www.aesthetic-cosmetic.com\/blog\/wp-json\/wp\/v2\/posts\/1686","targetHints":{"allow":["GET"]}}],"collection":[{"href":"https:\/\/www.aesthetic-cosmetic.com\/blog\/wp-json\/wp\/v2\/posts"}],"about":[{"href":"https:\/\/www.aesthetic-cosmetic.com\/blog\/wp-json\/wp\/v2\/types\/post"}],"author":[{"embeddable":true,"href":"https:\/\/www.aesthetic-cosmetic.com\/blog\/wp-json\/wp\/v2\/users\/2"}],"replies":[{"embeddable":true,"href":"https:\/\/www.aesthetic-cosmetic.com\/blog\/wp-json\/wp\/v2\/comments?post=1686"}],"version-history":[{"count":1,"href":"https:\/\/www.aesthetic-cosmetic.com\/blog\/wp-json\/wp\/v2\/posts\/1686\/revisions"}],"predecessor-version":[{"id":1688,"href":"https:\/\/www.aesthetic-cosmetic.com\/blog\/wp-json\/wp\/v2\/posts\/1686\/revisions\/1688"}],"wp:attachment":[{"href":"https:\/\/www.aesthetic-cosmetic.com\/blog\/wp-json\/wp\/v2\/media?parent=1686"}],"wp:term":[{"taxonomy":"category","embeddable":true,"href":"https:\/\/www.aesthetic-cosmetic.com\/blog\/wp-json\/wp\/v2\/categories?post=1686"},{"taxonomy":"post_tag","embeddable":true,"href":"https:\/\/www.aesthetic-cosmetic.com\/blog\/wp-json\/wp\/v2\/tags?post=1686"}],"curies":[{"name":"wp","href":"https:\/\/api.w.org\/{rel}","templated":true}]}}