{"id":1681,"date":"2016-04-07T14:40:50","date_gmt":"2016-04-07T12:40:50","guid":{"rendered":"http:\/\/www.aesthetic-cosmetic.com\/blog\/?p=1681"},"modified":"2016-04-07T14:44:11","modified_gmt":"2016-04-07T12:44:11","slug":"cellulite-kosmetik-denn-dellig-zeigts-sich","status":"publish","type":"post","link":"https:\/\/www.aesthetic-cosmetic.com\/blog\/2016\/04\/cellulite-kosmetik-denn-dellig-zeigts-sich\/","title":{"rendered":"Cellulite Kosmetik, denn Dellig zeigt&#8217;s sich!"},"content":{"rendered":"<p><strong>&#8222;Dellig zeigt&#8217;s sich&#8220;<\/strong> die \u00dcberschrift der Fachzeitschrift Kosmetik-International in der Aprilausgabe.<\/p>\n<p>Der Fr\u00fchling, damit die Gedanken an die Bikinizeit nahen. Doch &#8222;Dellig zeigt sich meine Haut&#8220;, Cellulite, mal mehr, mal weniger.<\/p>\n<p>a+c&#8217;s L\u00f6sung finden Sie auf der Webseite:<\/p>\n<ul>\n<li><a href=\"http:\/\/shop.depilation.de\/Antidepilation-Pflegeserie-Brauen-Wimpernfarbe-\/PFLEGEPRODUKTE-BIOSMOS\/KOeRPERPFLEGE\/Anticellulite-Creme-Aloe-Vera-200-ml::189.html\"><strong>Anti-Cellulite Creme Aloe Vera<\/strong><\/a>, die Anti-Cellulite Creme von Biosmos<\/li>\n<li><a href=\"http:\/\/shop.depilation.de\/Antidepilation-Pflegeserie-Brauen-Wimpernfarbe-\/PFLEGEPRODUKTE-BIOSMOS\/KOeRPERPFLEGE\/Anticellulite-Thermodynamic-Creme-Baobab-200-ml::188.html\"><strong>Anticellulite Thermodynamic Creme Baobab<\/strong><\/a> von Biosmos<\/li>\n<\/ul>\n<p><a href=\"https:\/\/www.aesthetic-cosmetic.com\/blog\/wp-content\/uploads\/2016\/04\/BB5055.jpg\" rel=\"attachment wp-att-1682\"><img loading=\"lazy\" decoding=\"async\" class=\"aligncenter size-medium wp-image-1682\" src=\"https:\/\/www.aesthetic-cosmetic.com\/blog\/wp-content\/uploads\/2016\/04\/BB5055-162x300.jpg\" alt=\"BB5055\" width=\"162\" height=\"300\" srcset=\"https:\/\/www.aesthetic-cosmetic.com\/blog\/wp-content\/uploads\/2016\/04\/BB5055-162x300.jpg 162w, https:\/\/www.aesthetic-cosmetic.com\/blog\/wp-content\/uploads\/2016\/04\/BB5055.jpg 541w\" sizes=\"auto, (max-width: 162px) 100vw, 162px\" \/><\/a><\/p>\n<p>M\u00f6chten Sie Ihren Mitmenschen bei der Bek\u00e4mpfung der Cellulite helfen? Dann empfehlen wir Ihnen die zertifizierte Weiterbildungsma\u00dfnahme &#8222;<a href=\"http:\/\/www.aesthetic-cosmetic.com\/wellness-und-beauty-fachfrau.html\"><strong>Ausbildung zur Wellness- + Beauty-Fachfrau<\/strong><\/a>&#8222;. Helfen Sie den betroffenen Personen, aber vergessen Sie sich selber nicht!<\/p>\n<p>&nbsp;<\/p>\n","protected":false},"excerpt":{"rendered":"<p>&#8222;Dellig zeigt&#8217;s sich&#8220; die \u00dcberschrift der Fachzeitschrift Kosmetik-International in der Aprilausgabe. Der Fr\u00fchling, damit die Gedanken an die Bikinizeit nahen. Doch &#8222;Dellig zeigt sich meine Haut&#8220;, Cellulite, mal mehr, mal weniger. a+c&#8217;s L\u00f6sung finden Sie auf der Webseite: Anti-Cellulite Creme Aloe Vera, die Anti-Cellulite Creme von Biosmos Anticellulite Thermodynamic Creme Baobab von Biosmos M\u00f6chten Sie [&hellip;]<\/p>\n","protected":false},"author":2,"featured_media":0,"comment_status":"open","ping_status":"open","sticky":false,"template":"","format":"standard","meta":{"footnotes":""},"categories":[1,41,3,42,7,69,13],"tags":[5,11,4,17,73,43,74,24,8,18],"class_list":["post-1681","post","type-post","status-publish","format-standard","hentry","category-allgemein","category-ausbildung","category-fernunterricht","category-kosmetik","category-kosmetikerin","category-kosmetische-pflegeprodukte","category-wellness","tag-fernlehrgang","tag-fernlehrgange","tag-fernlernen","tag-fernschule","tag-fernunterricht","tag-kosmetik-akademie","tag-kosmetikerin","tag-kosmetikschule","tag-wellness-beauty-fachfrau","tag-wellness-und-beauty-fachfrau"],"_links":{"self":[{"href":"https:\/\/www.aesthetic-cosmetic.com\/blog\/wp-json\/wp\/v2\/posts\/1681","targetHints":{"allow":["GET"]}}],"collection":[{"href":"https:\/\/www.aesthetic-cosmetic.com\/blog\/wp-json\/wp\/v2\/posts"}],"about":[{"href":"https:\/\/www.aesthetic-cosmetic.com\/blog\/wp-json\/wp\/v2\/types\/post"}],"author":[{"embeddable":true,"href":"https:\/\/www.aesthetic-cosmetic.com\/blog\/wp-json\/wp\/v2\/users\/2"}],"replies":[{"embeddable":true,"href":"https:\/\/www.aesthetic-cosmetic.com\/blog\/wp-json\/wp\/v2\/comments?post=1681"}],"version-history":[{"count":2,"href":"https:\/\/www.aesthetic-cosmetic.com\/blog\/wp-json\/wp\/v2\/posts\/1681\/revisions"}],"predecessor-version":[{"id":1684,"href":"https:\/\/www.aesthetic-cosmetic.com\/blog\/wp-json\/wp\/v2\/posts\/1681\/revisions\/1684"}],"wp:attachment":[{"href":"https:\/\/www.aesthetic-cosmetic.com\/blog\/wp-json\/wp\/v2\/media?parent=1681"}],"wp:term":[{"taxonomy":"category","embeddable":true,"href":"https:\/\/www.aesthetic-cosmetic.com\/blog\/wp-json\/wp\/v2\/categories?post=1681"},{"taxonomy":"post_tag","embeddable":true,"href":"https:\/\/www.aesthetic-cosmetic.com\/blog\/wp-json\/wp\/v2\/tags?post=1681"}],"curies":[{"name":"wp","href":"https:\/\/api.w.org\/{rel}","templated":true}]}}