{"id":1669,"date":"2016-03-30T09:40:49","date_gmt":"2016-03-30T07:40:49","guid":{"rendered":"http:\/\/www.aesthetic-cosmetic.com\/blog\/?p=1669"},"modified":"2016-03-30T09:40:49","modified_gmt":"2016-03-30T07:40:49","slug":"medizinische-fusspflege-lernen","status":"publish","type":"post","link":"https:\/\/www.aesthetic-cosmetic.com\/blog\/2016\/03\/medizinische-fusspflege-lernen\/","title":{"rendered":"Medizinische Fu\u00dfpflege lernen"},"content":{"rendered":"<p>Beginnen Sie mit der <strong><a href=\"http:\/\/www.aesthetic-cosmetic.com\/fusspflege.html\">Ausbildung in medizinischer Fu\u00dfpflege<\/a><\/strong>.<\/p>\n<div class=\"teaser\">Noch einmal zur Erinnerung. Im Urteil des Bundesgerichtshofs vom 24.09.2013 wurde entschieden, dass die Werbung mit der T\u00e4tigkeit &#8222;medizinische Fu\u00dfpflege&#8220; auch einem Fu\u00dfpfleger\/einer Fu\u00dfpflegerin erlaubt ist, die nicht die ein- bis zweij\u00e4hrige <strong><a href=\"http:\/\/www.aesthetic-cosmetic.com\/fusspflege.html\">Ausbildung zur Podologin\/zum Podologen<\/a><\/strong> durchgef\u00fchrt hat.<\/div>\n<p>Wir haben uns auf einw\u00f6chige Seminare in medizinischer Fu\u00dfpflege spezialisiert, die es erm\u00f6glichen, im Rahmen der allgemeinen rechtlichen Regelungen (insbesondere \u00a7 1 HeilprG) Behandlungen anzubieten und diese T\u00e4tigkeit als <strong>\u201cmedizinische Fu\u00dfpflege\u201d<\/strong> zu bezeichnen.<\/p>\n<p>Merken Sie sich folgenden Termin und melden Sie sich rechtzeitig an: Das n\u00e4chste <strong><a href=\"http:\/\/www.aesthetic-cosmetic.com\/fusspflege.html\">Seminar in med. Fu\u00dfpflege<\/a><\/strong> f\u00fchren wir vom 13. bis 17. Juni 2016 durch.<\/p>\n<p>Nutzen Sie Ihre Chancen und <strong><a href=\"http:\/\/www.aesthetic-cosmetic.com\/fusspflege.html\">werden Sie Fu\u00dfpfleger\/Fu\u00dfpflegerin<\/a><\/strong> mit der T\u00e4tigkeit der med. Fu\u00dfpflege.<\/p>\n<p><a href=\"https:\/\/www.aesthetic-cosmetic.com\/blog\/wp-content\/uploads\/2016\/03\/Fu\u00dfBreit.jpg\" rel=\"attachment wp-att-1670\"><img loading=\"lazy\" decoding=\"async\" class=\"aligncenter  wp-image-1670\" src=\"https:\/\/www.aesthetic-cosmetic.com\/blog\/wp-content\/uploads\/2016\/03\/Fu\u00dfBreit-300x108.jpg\" alt=\"Fu\u00dfBreit\" width=\"422\" height=\"152\" srcset=\"https:\/\/www.aesthetic-cosmetic.com\/blog\/wp-content\/uploads\/2016\/03\/Fu\u00dfBreit-300x108.jpg 300w, https:\/\/www.aesthetic-cosmetic.com\/blog\/wp-content\/uploads\/2016\/03\/Fu\u00dfBreit-768x276.jpg 768w, https:\/\/www.aesthetic-cosmetic.com\/blog\/wp-content\/uploads\/2016\/03\/Fu\u00dfBreit-1024x368.jpg 1024w\" sizes=\"auto, (max-width: 422px) 100vw, 422px\" \/><\/a><\/p>\n<p>&nbsp;<\/p>\n","protected":false},"excerpt":{"rendered":"<p>Beginnen Sie mit der Ausbildung in medizinischer Fu\u00dfpflege. Noch einmal zur Erinnerung. Im Urteil des Bundesgerichtshofs vom 24.09.2013 wurde entschieden, dass die Werbung mit der T\u00e4tigkeit &#8222;medizinische Fu\u00dfpflege&#8220; auch einem Fu\u00dfpfleger\/einer Fu\u00dfpflegerin erlaubt ist, die nicht die ein- bis zweij\u00e4hrige Ausbildung zur Podologin\/zum Podologen durchgef\u00fchrt hat. Wir haben uns auf einw\u00f6chige Seminare in medizinischer Fu\u00dfpflege [&hellip;]<\/p>\n","protected":false},"author":2,"featured_media":0,"comment_status":"open","ping_status":"open","sticky":false,"template":"","format":"standard","meta":{"footnotes":""},"categories":[1,41,61,27],"tags":[33,32,31,28,30,29],"class_list":["post-1669","post","type-post","status-publish","format-standard","hentry","category-allgemein","category-ausbildung","category-fuspflege","category-kurseseminare","tag-fuspfleger","tag-fuspflegerinnen","tag-fuspflegeschule","tag-medizinische-fuspflege","tag-podologe","tag-podologin"],"_links":{"self":[{"href":"https:\/\/www.aesthetic-cosmetic.com\/blog\/wp-json\/wp\/v2\/posts\/1669","targetHints":{"allow":["GET"]}}],"collection":[{"href":"https:\/\/www.aesthetic-cosmetic.com\/blog\/wp-json\/wp\/v2\/posts"}],"about":[{"href":"https:\/\/www.aesthetic-cosmetic.com\/blog\/wp-json\/wp\/v2\/types\/post"}],"author":[{"embeddable":true,"href":"https:\/\/www.aesthetic-cosmetic.com\/blog\/wp-json\/wp\/v2\/users\/2"}],"replies":[{"embeddable":true,"href":"https:\/\/www.aesthetic-cosmetic.com\/blog\/wp-json\/wp\/v2\/comments?post=1669"}],"version-history":[{"count":1,"href":"https:\/\/www.aesthetic-cosmetic.com\/blog\/wp-json\/wp\/v2\/posts\/1669\/revisions"}],"predecessor-version":[{"id":1671,"href":"https:\/\/www.aesthetic-cosmetic.com\/blog\/wp-json\/wp\/v2\/posts\/1669\/revisions\/1671"}],"wp:attachment":[{"href":"https:\/\/www.aesthetic-cosmetic.com\/blog\/wp-json\/wp\/v2\/media?parent=1669"}],"wp:term":[{"taxonomy":"category","embeddable":true,"href":"https:\/\/www.aesthetic-cosmetic.com\/blog\/wp-json\/wp\/v2\/categories?post=1669"},{"taxonomy":"post_tag","embeddable":true,"href":"https:\/\/www.aesthetic-cosmetic.com\/blog\/wp-json\/wp\/v2\/tags?post=1669"}],"curies":[{"name":"wp","href":"https:\/\/api.w.org\/{rel}","templated":true}]}}