{"id":1663,"date":"2016-03-24T11:27:21","date_gmt":"2016-03-24T09:27:21","guid":{"rendered":"http:\/\/www.aesthetic-cosmetic.com\/blog\/?p=1663"},"modified":"2016-03-24T11:29:55","modified_gmt":"2016-03-24T09:29:55","slug":"der-osterhase-das-osterei-und-die-kosmetikerin","status":"publish","type":"post","link":"https:\/\/www.aesthetic-cosmetic.com\/blog\/2016\/03\/der-osterhase-das-osterei-und-die-kosmetikerin\/","title":{"rendered":"Der Osterhase, das Osterei und die Kosmetikerin"},"content":{"rendered":"<p>Besteht hier ein Zusammenhang? Das Osterei ist seit dem 12. und der Hase seit dem 17. Jahrhundert ein Symbol f\u00fcr die Auferstehung.<\/p>\n<p>Kehren Sie in sich, genie\u00dfen Sie eine ruhige Osterzeit, und machen Sie sich Gedanken \u00fcber Ihre Zukunft. Wollten Sie nicht mal etwas anderes machen, als den augenblicklichen beruflichen Trott? &#8222;Auferstehen Sie&#8220; und beginnen Sie eine <a href=\"http:\/\/www.aesthetic-cosmetic.com\/\"><strong>nebenberufliche Weiterbildung im Wellness- und Sch\u00f6nheitsbereich<\/strong><\/a>!<\/p>\n<p>Wir bieten 9 unterschiedliche <a href=\"http:\/\/www.aesthetic-cosmetic.com\/fernunterricht-e-learning.html\"><strong>Fernlehrg\u00e4ng<\/strong>e<\/a> bzw. <a href=\"http:\/\/www.aesthetic-cosmetic.com\/fernunterricht-e-learning.html\"><strong>e-Learnings<\/strong> <\/a>an. Wie w\u00e4re es mit der <a href=\"http:\/\/www.aesthetic-cosmetic.com\/ausbildung-zur-kosmetikerin-kosmetikschule-bei-freiburg.html\"><strong>Ausbildung zur Kosmetikerin<\/strong><\/a> oder m\u00f6chten Sie <a href=\"http:\/\/www.aesthetic-cosmetic.com\/make-up-fachfrau-mann-visagist-in.html\"><strong>Make-up Fachfrau &#8211; Visagistin werden<\/strong><\/a>?<\/p>\n<p><a href=\"https:\/\/www.aesthetic-cosmetic.com\/blog\/wp-content\/uploads\/2016\/03\/osterei.jpg\" rel=\"attachment wp-att-1664\"><img loading=\"lazy\" decoding=\"async\" class=\"aligncenter wp-image-1664\" src=\"https:\/\/www.aesthetic-cosmetic.com\/blog\/wp-content\/uploads\/2016\/03\/osterei-241x300.jpg\" alt=\"osterei\" width=\"178\" height=\"221\" srcset=\"https:\/\/www.aesthetic-cosmetic.com\/blog\/wp-content\/uploads\/2016\/03\/osterei-241x300.jpg 241w, https:\/\/www.aesthetic-cosmetic.com\/blog\/wp-content\/uploads\/2016\/03\/osterei.jpg 284w\" sizes=\"auto, (max-width: 178px) 100vw, 178px\" \/><\/a><\/p>\n<p>Wir stehen zu Ihrer Verf\u00fcgung unter 07668 99512-0.<\/p>\n<p>Wir w\u00fcnschen Ihnen ein geruhsames Osterfest.<\/p>\n<p>Ihr Team von aesthetic + cosmetic<\/p>\n","protected":false},"excerpt":{"rendered":"<p>Besteht hier ein Zusammenhang? Das Osterei ist seit dem 12. und der Hase seit dem 17. Jahrhundert ein Symbol f\u00fcr die Auferstehung. Kehren Sie in sich, genie\u00dfen Sie eine ruhige Osterzeit, und machen Sie sich Gedanken \u00fcber Ihre Zukunft. Wollten Sie nicht mal etwas anderes machen, als den augenblicklichen beruflichen Trott? &#8222;Auferstehen Sie&#8220; und beginnen [&hellip;]<\/p>\n","protected":false},"author":2,"featured_media":0,"comment_status":"open","ping_status":"open","sticky":false,"template":"","format":"standard","meta":{"footnotes":""},"categories":[1,41,3,42,7,59],"tags":[36,40,5,6,11,4,17,73,43,74,24,9,26,25,10],"class_list":["post-1663","post","type-post","status-publish","format-standard","hentry","category-allgemein","category-ausbildung","category-fernunterricht","category-kosmetik","category-kosmetikerin","category-visagismus-make-up","tag-ausbildung-zur-kosmetikerin","tag-diplomkosmetikerin","tag-fernlehrgang","tag-fernlehrgang-zur-kosmetikerin","tag-fernlehrgange","tag-fernlernen","tag-fernschule","tag-fernunterricht","tag-kosmetik-akademie","tag-kosmetikerin","tag-kosmetikschule","tag-make-up-fachfrau","tag-make-up-artist","tag-maskenbildner","tag-visagistin"],"_links":{"self":[{"href":"https:\/\/www.aesthetic-cosmetic.com\/blog\/wp-json\/wp\/v2\/posts\/1663","targetHints":{"allow":["GET"]}}],"collection":[{"href":"https:\/\/www.aesthetic-cosmetic.com\/blog\/wp-json\/wp\/v2\/posts"}],"about":[{"href":"https:\/\/www.aesthetic-cosmetic.com\/blog\/wp-json\/wp\/v2\/types\/post"}],"author":[{"embeddable":true,"href":"https:\/\/www.aesthetic-cosmetic.com\/blog\/wp-json\/wp\/v2\/users\/2"}],"replies":[{"embeddable":true,"href":"https:\/\/www.aesthetic-cosmetic.com\/blog\/wp-json\/wp\/v2\/comments?post=1663"}],"version-history":[{"count":4,"href":"https:\/\/www.aesthetic-cosmetic.com\/blog\/wp-json\/wp\/v2\/posts\/1663\/revisions"}],"predecessor-version":[{"id":1668,"href":"https:\/\/www.aesthetic-cosmetic.com\/blog\/wp-json\/wp\/v2\/posts\/1663\/revisions\/1668"}],"wp:attachment":[{"href":"https:\/\/www.aesthetic-cosmetic.com\/blog\/wp-json\/wp\/v2\/media?parent=1663"}],"wp:term":[{"taxonomy":"category","embeddable":true,"href":"https:\/\/www.aesthetic-cosmetic.com\/blog\/wp-json\/wp\/v2\/categories?post=1663"},{"taxonomy":"post_tag","embeddable":true,"href":"https:\/\/www.aesthetic-cosmetic.com\/blog\/wp-json\/wp\/v2\/tags?post=1663"}],"curies":[{"name":"wp","href":"https:\/\/api.w.org\/{rel}","templated":true}]}}