{"id":1656,"date":"2016-02-27T10:49:54","date_gmt":"2016-02-27T08:49:54","guid":{"rendered":"http:\/\/www.aesthetic-cosmetic.com\/blog\/?p=1656"},"modified":"2016-02-27T10:53:10","modified_gmt":"2016-02-27T08:53:10","slug":"beauty-duesseldorf-2016","status":"publish","type":"post","link":"https:\/\/www.aesthetic-cosmetic.com\/blog\/2016\/02\/beauty-duesseldorf-2016\/","title":{"rendered":"Beauty D\u00fcsseldorf 2016"},"content":{"rendered":"<p>In 6 Tagen ist es soweit. Die <a href=\"http:\/\/www.beauty.de\/exh_hp\/beauty2016\/d\/2454635\"><strong>Beauty D\u00fcsseldorf<\/strong><\/a> \u00f6ffnet von Freitag bis Sonntag ihre Pforten f\u00fcr Fachbesucher der Kosmetik- und Wellnessbranche.<\/p>\n<p><a href=\"https:\/\/www.aesthetic-cosmetic.com\/blog\/wp-content\/uploads\/2015\/04\/MessestamdA+C2.jpg\" rel=\"attachment wp-att-1388\"><img loading=\"lazy\" decoding=\"async\" class=\"aligncenter wp-image-1388\" src=\"https:\/\/www.aesthetic-cosmetic.com\/blog\/wp-content\/uploads\/2015\/04\/MessestamdA+C2-300x225.jpg\" alt=\"MessestamdA+C2\" width=\"398\" height=\"298\" srcset=\"https:\/\/www.aesthetic-cosmetic.com\/blog\/wp-content\/uploads\/2015\/04\/MessestamdA+C2-300x225.jpg 300w, https:\/\/www.aesthetic-cosmetic.com\/blog\/wp-content\/uploads\/2015\/04\/MessestamdA+C2-1024x768.jpg 1024w\" sizes=\"auto, (max-width: 398px) 100vw, 398px\" \/><\/a><\/p>\n<p>Wir p\u00e4sentiertieren unseren neuen Stand in Halle 11, Nr. E06, zum Thema <strong><a href=\"http:\/\/www.shop.depilation.de\/\">langfristige Haarentfernung<\/a><\/strong> bzw. <a href=\"http:\/\/www.shop.depilation.de\/\"><strong>Depilation<\/strong><\/a>. Nicht nur Vorf\u00fchrungen und spezielle Produktangebote zur <a href=\"http:\/\/www.shop.depilation.de\/\"><strong>langfristigen Haarentfernung<\/strong><\/a> werden Sie antreffen, informieren Sie sich \u00fcber unsere Ausbildungsma\u00dfnahmen, z.B. der <a href=\"http:\/\/www.aesthetic-cosmetic.com\/depiladora-gepruefte-depiladora.html\"><strong>nebenberuflichen Ausbildung zur gepr\u00fcften Depiladora<\/strong><\/a>, und sonstigen Dienstleistungen zur einmaligen Messepreisen.<\/p>\n<p>Effektive Methoden der <strong><a href=\"http:\/\/www.aesthetic-cosmetic.com\/depiladora-gepruefte-depiladora.html\">permanenten Haarentfernung<\/a><\/strong>, vorgef\u00fchrt von<br \/>\n\u2022\u00a0 Anne und Shireen von der <a href=\"http:\/\/www.aesthetic-cosmetic.com\/\"><strong>Kosmetikschule<\/strong> <\/a>von <a href=\"http:\/\/www.aesthetic-cosmetic.com\/\"><strong>aesthetic + cosmet<\/strong>ic<\/a>, Freiburg,<br \/>\n\u2022\u00a0 Yvonne, <a href=\"http:\/\/www.aesthetic-cosmetic.com\/\"><strong>aesthetic + cosmetics<\/strong> <\/a>Schulungsleiterin in Berlin,<br \/>\n\u2022\u00a0 Magherita von <a href=\"https:\/\/holidaydepilatori.net\/it\/\"><strong>Holiday depilatori<\/strong><\/a>, Toskana, Italien<\/p>\n<p>Auch die Gesch\u00e4ftsleitung von <strong><a href=\"http:\/\/www.aesthetic-cosmetic.com\/\">aesthetic + cosmetic<\/a><\/strong>, Deutschland, und <strong><a href=\"https:\/\/holidaydepilatori.net\/it\/\">Holiday depilatori<\/a><\/strong>, Italien, stehen zur Beratung zu Ihrer Verf\u00fcgung<\/p>\n<p>&nbsp;<\/p>\n","protected":false},"excerpt":{"rendered":"<p>In 6 Tagen ist es soweit. Die Beauty D\u00fcsseldorf \u00f6ffnet von Freitag bis Sonntag ihre Pforten f\u00fcr Fachbesucher der Kosmetik- und Wellnessbranche. Wir p\u00e4sentiertieren unseren neuen Stand in Halle 11, Nr. E06, zum Thema langfristige Haarentfernung bzw. Depilation. Nicht nur Vorf\u00fchrungen und spezielle Produktangebote zur langfristigen Haarentfernung werden Sie antreffen, informieren Sie sich \u00fcber unsere [&hellip;]<\/p>\n","protected":false},"author":2,"featured_media":0,"comment_status":"open","ping_status":"open","sticky":false,"template":"","format":"standard","meta":{"footnotes":""},"categories":[1,41,72,53,3,42,7,27],"tags":[],"class_list":["post-1656","post","type-post","status-publish","format-standard","hentry","category-allgemein","category-ausbildung","category-depiladora","category-depilation-haarentfernung","category-fernunterricht","category-kosmetik","category-kosmetikerin","category-kurseseminare"],"_links":{"self":[{"href":"https:\/\/www.aesthetic-cosmetic.com\/blog\/wp-json\/wp\/v2\/posts\/1656","targetHints":{"allow":["GET"]}}],"collection":[{"href":"https:\/\/www.aesthetic-cosmetic.com\/blog\/wp-json\/wp\/v2\/posts"}],"about":[{"href":"https:\/\/www.aesthetic-cosmetic.com\/blog\/wp-json\/wp\/v2\/types\/post"}],"author":[{"embeddable":true,"href":"https:\/\/www.aesthetic-cosmetic.com\/blog\/wp-json\/wp\/v2\/users\/2"}],"replies":[{"embeddable":true,"href":"https:\/\/www.aesthetic-cosmetic.com\/blog\/wp-json\/wp\/v2\/comments?post=1656"}],"version-history":[{"count":3,"href":"https:\/\/www.aesthetic-cosmetic.com\/blog\/wp-json\/wp\/v2\/posts\/1656\/revisions"}],"predecessor-version":[{"id":1659,"href":"https:\/\/www.aesthetic-cosmetic.com\/blog\/wp-json\/wp\/v2\/posts\/1656\/revisions\/1659"}],"wp:attachment":[{"href":"https:\/\/www.aesthetic-cosmetic.com\/blog\/wp-json\/wp\/v2\/media?parent=1656"}],"wp:term":[{"taxonomy":"category","embeddable":true,"href":"https:\/\/www.aesthetic-cosmetic.com\/blog\/wp-json\/wp\/v2\/categories?post=1656"},{"taxonomy":"post_tag","embeddable":true,"href":"https:\/\/www.aesthetic-cosmetic.com\/blog\/wp-json\/wp\/v2\/tags?post=1656"}],"curies":[{"name":"wp","href":"https:\/\/api.w.org\/{rel}","templated":true}]}}