{"id":1649,"date":"2016-02-26T06:35:40","date_gmt":"2016-02-26T04:35:40","guid":{"rendered":"http:\/\/www.aesthetic-cosmetic.com\/blog\/?p=1649"},"modified":"2016-02-26T06:39:53","modified_gmt":"2016-02-26T04:39:53","slug":"bundesweiter-fernstudientag-heute-26-02-2016","status":"publish","type":"post","link":"https:\/\/www.aesthetic-cosmetic.com\/blog\/2016\/02\/bundesweiter-fernstudientag-heute-26-02-2016\/","title":{"rendered":"Bundesweiter Fernstudientag, heute, 26.02.2016"},"content":{"rendered":"<p>Heute findet der\u00a0<strong><span style=\"color: #000000;\">bundesweite<\/span> Fernstudientag<\/strong> statt, intiiert vom Fernunterrichtsverban Forum DistancE-Learning<\/p>\n<p><a href=\"https:\/\/www.aesthetic-cosmetic.com\/blog\/wp-content\/uploads\/2016\/02\/Managerin_id1743091.jpg\" rel=\"attachment wp-att-1650\"><img loading=\"lazy\" decoding=\"async\" class=\"aligncenter wp-image-1650\" src=\"https:\/\/www.aesthetic-cosmetic.com\/blog\/wp-content\/uploads\/2016\/02\/Managerin_id1743091-300x200.jpg\" alt=\"Managerin_id1743091\" width=\"398\" height=\"265\" srcset=\"https:\/\/www.aesthetic-cosmetic.com\/blog\/wp-content\/uploads\/2016\/02\/Managerin_id1743091-300x200.jpg 300w, https:\/\/www.aesthetic-cosmetic.com\/blog\/wp-content\/uploads\/2016\/02\/Managerin_id1743091-768x512.jpg 768w, https:\/\/www.aesthetic-cosmetic.com\/blog\/wp-content\/uploads\/2016\/02\/Managerin_id1743091-1024x682.jpg 1024w, https:\/\/www.aesthetic-cosmetic.com\/blog\/wp-content\/uploads\/2016\/02\/Managerin_id1743091.jpg 1697w\" sizes=\"auto, (max-width: 398px) 100vw, 398px\" \/><\/a><\/p>\n<h2><span style=\"color: #eb17dd;\"><strong>Nur heute, Freitag, den 26, Februar 2016: 15 % F\u00f6rderung!<\/strong><\/span><\/h2>\n<p>Dies gilt f\u00fcr alle unsere Ausbildungen im Fernlehrgang bzw. e-Learning mit Pr\u00e4senzphasen:<\/p>\n<p><strong><a href=\"http:\/\/www.aesthetic-cosmetic.com\/ausbildung-zur-kosmetikerin-kosmetikschule-bei-freiburg.html\">Kosmetiker\/in<\/a><\/strong><br \/>\n<strong><a href=\"http:\/\/www.aesthetic-cosmetic.com\/depiladora-gepruefte-depiladora.html\">Depiladora<\/a><\/strong><br \/>\n<strong><a href=\"http:\/\/www.aesthetic-cosmetic.com\/make-up-fachfrau-mann-visagist-in.html\">Make-up Fachfrau\/mann, Visagist\/in, Farb + Stilberater\/in<\/a><\/strong><br \/>\n<strong><a href=\"http:\/\/www.aesthetic-cosmetic.com\/wellness-und-beauty-fachfrau.html\">Wellness + Beauty Fachfrau\/mann<\/a><\/strong><br \/>\n<strong><a href=\"http:\/\/www.aesthetic-cosmetic.com\/ernaehrungs-fachfrau-mann-food-coach.html\">Ern\u00e4hrungs-Fachfrau\/mann, Food Coach<\/a><\/strong><br \/>\n<strong><a href=\"http:\/\/www.aesthetic-cosmetic.com\/fachberaterin-fuer-kosmetik.html\">Fachberater\/in f\u00fcr Kosmetik<\/a><\/strong><br \/>\n<strong><a href=\"http:\/\/www.aesthetic-cosmetic.com\/aktiver-kosmetikverkauf-verkauf-kosmetik.html\">erfolgreicher aktiver Kosmetikverkauf<\/a><\/strong><br \/>\n<strong><a href=\"http:\/\/www.aesthetic-cosmetic.com\/farb-stil-und-imageberater-in.html\">Farb Stil und Imageberater\/in<\/a><\/strong><\/p>\n<p>Melden Sie sich bis sp\u00e4testens 24,00 Uhr zu einem unserer Fernlehrg\u00e4nge bzw. e-Learning Prgramme an, so erhalten Sie eine <strong>f\u00fcnfzehnprozentige F\u00f6rderung<\/strong> durch unseren Studienfonds.<\/p>\n<p>F\u00fcr weitere Informationen stehen wir Ihnen heute von 8.00 Uhr bis 20.00 Uhr telefonisch unter 07668 99512-0 zur Verf\u00fcgung.<\/p>\n<p>Zwischen 16.00 Uhr und 20.00 stehen wir auchpers\u00f6nlich zur Verf\u00fcgung, wenn Sie uns besuchen m\u00f6chten bzw. k\u00f6nnen.<\/p>\n<p>Ihre<br \/>\naesthetic + cosmetic marketing GmbHAm Krebsbach 2d<br \/>\n79241 Ihringen<\/p>\n<p>&nbsp;<\/p>\n","protected":false},"excerpt":{"rendered":"<p>Heute findet der\u00a0bundesweite Fernstudientag statt, intiiert vom Fernunterrichtsverban Forum DistancE-Learning Nur heute, Freitag, den 26, Februar 2016: 15 % F\u00f6rderung! Dies gilt f\u00fcr alle unsere Ausbildungen im Fernlehrgang bzw. e-Learning mit Pr\u00e4senzphasen: Kosmetiker\/in Depiladora Make-up Fachfrau\/mann, Visagist\/in, Farb + Stilberater\/in Wellness + Beauty Fachfrau\/mann Ern\u00e4hrungs-Fachfrau\/mann, Food Coach Fachberater\/in f\u00fcr Kosmetik erfolgreicher aktiver Kosmetikverkauf Farb Stil [&hellip;]<\/p>\n","protected":false},"author":2,"featured_media":0,"comment_status":"open","ping_status":"open","sticky":false,"template":"","format":"standard","meta":{"footnotes":""},"categories":[1,41,72,57,3,42,7,59],"tags":[36,22,50,20,23,40,47,48,45,5,6,11,4,17,73,46,43,24,9,26,12,10,8,18],"class_list":["post-1649","post","type-post","status-publish","format-standard","hentry","category-allgemein","category-ausbildung","category-depiladora","category-ernahrungs-fachfrau","category-fernunterricht","category-kosmetik","category-kosmetikerin","category-visagismus-make-up","tag-ausbildung-zur-kosmetikerin","tag-body-sugaring","tag-brazilian-waxing","tag-dauerhafte-haarentfernung","tag-depilation","tag-diplomkosmetikerin","tag-ernahrungs-fachfraumann","tag-ernahrungsberaterin","tag-farb-und-stilberaterin","tag-fernlehrgang","tag-fernlehrgang-zur-kosmetikerin","tag-fernlehrgange","tag-fernlernen","tag-fernschule","tag-fernunterricht","tag-food-coach","tag-kosmetik-akademie","tag-kosmetikschule","tag-make-up-fachfrau","tag-make-up-artist","tag-visagist","tag-visagistin","tag-wellness-beauty-fachfrau","tag-wellness-und-beauty-fachfrau"],"_links":{"self":[{"href":"https:\/\/www.aesthetic-cosmetic.com\/blog\/wp-json\/wp\/v2\/posts\/1649","targetHints":{"allow":["GET"]}}],"collection":[{"href":"https:\/\/www.aesthetic-cosmetic.com\/blog\/wp-json\/wp\/v2\/posts"}],"about":[{"href":"https:\/\/www.aesthetic-cosmetic.com\/blog\/wp-json\/wp\/v2\/types\/post"}],"author":[{"embeddable":true,"href":"https:\/\/www.aesthetic-cosmetic.com\/blog\/wp-json\/wp\/v2\/users\/2"}],"replies":[{"embeddable":true,"href":"https:\/\/www.aesthetic-cosmetic.com\/blog\/wp-json\/wp\/v2\/comments?post=1649"}],"version-history":[{"count":5,"href":"https:\/\/www.aesthetic-cosmetic.com\/blog\/wp-json\/wp\/v2\/posts\/1649\/revisions"}],"predecessor-version":[{"id":1655,"href":"https:\/\/www.aesthetic-cosmetic.com\/blog\/wp-json\/wp\/v2\/posts\/1649\/revisions\/1655"}],"wp:attachment":[{"href":"https:\/\/www.aesthetic-cosmetic.com\/blog\/wp-json\/wp\/v2\/media?parent=1649"}],"wp:term":[{"taxonomy":"category","embeddable":true,"href":"https:\/\/www.aesthetic-cosmetic.com\/blog\/wp-json\/wp\/v2\/categories?post=1649"},{"taxonomy":"post_tag","embeddable":true,"href":"https:\/\/www.aesthetic-cosmetic.com\/blog\/wp-json\/wp\/v2\/tags?post=1649"}],"curies":[{"name":"wp","href":"https:\/\/api.w.org\/{rel}","templated":true}]}}