{"id":1640,"date":"2016-02-21T17:09:48","date_gmt":"2016-02-21T15:09:48","guid":{"rendered":"http:\/\/www.aesthetic-cosmetic.com\/blog\/?p=1640"},"modified":"2016-02-21T17:10:33","modified_gmt":"2016-02-21T15:10:33","slug":"kosmetikerin-werden-2","status":"publish","type":"post","link":"https:\/\/www.aesthetic-cosmetic.com\/blog\/2016\/02\/kosmetikerin-werden-2\/","title":{"rendered":"Kosmetikerin werden!"},"content":{"rendered":"<p><a href=\"http:\/\/www.aesthetic-cosmetic.com\/ausbildung-zur-kosmetikerin-kosmetikschule-bei-freiburg.html\"><strong>Kosmetikerin werden<\/strong><\/a>, den Traumberuf f\u00fcr M\u00e4dchen und Frauen jeglichen Alters ergreifen, ist \u00fcber <strong><a href=\"http:\/\/www.aesthetic-cosmetic.com\/fernunterricht-e-learning.html\">nebenberufliches Fernlernen<\/a><\/strong> mit praktischen Pr\u00e4senzphasen an unserer Kosmetikschule zu erreichen.<\/p>\n<p>Zu Beginn des Jahres 2016 haben nach einj\u00e4hrigem Lehrgang 12 Teilnehmerinnen die <a href=\"http:\/\/www.aesthetic-cosmetic.com\/ausbildung-zur-kosmetikerin-kosmetikschule-bei-freiburg.html\"><strong>Ausbildung zur Kosmetikerin<\/strong><\/a> erfolgreich abgeschlossen.<\/p>\n<p><a href=\"https:\/\/www.aesthetic-cosmetic.com\/blog\/wp-content\/uploads\/2016\/02\/20160219Kosmetikerin.jpg\" rel=\"attachment wp-att-1641\"><img loading=\"lazy\" decoding=\"async\" class=\"aligncenter wp-image-1641\" src=\"https:\/\/www.aesthetic-cosmetic.com\/blog\/wp-content\/uploads\/2016\/02\/20160219Kosmetikerin-300x225.jpg\" alt=\"20160219Kosmetikerin\" width=\"480\" height=\"360\" srcset=\"https:\/\/www.aesthetic-cosmetic.com\/blog\/wp-content\/uploads\/2016\/02\/20160219Kosmetikerin-300x225.jpg 300w, https:\/\/www.aesthetic-cosmetic.com\/blog\/wp-content\/uploads\/2016\/02\/20160219Kosmetikerin-768x576.jpg 768w, https:\/\/www.aesthetic-cosmetic.com\/blog\/wp-content\/uploads\/2016\/02\/20160219Kosmetikerin-1024x768.jpg 1024w\" sizes=\"auto, (max-width: 480px) 100vw, 480px\" \/><\/a><\/p>\n<p>Gratulation und viel Erfolg f\u00fcr ihren zuk\u00fcnftigen beruflichen Lebensweg in der &#8222;Beauty-Welt&#8220;.<\/p>\n<p>Wollen auch Sie &#8222;die sch\u00f6ne Seite der Berufe&#8220;, <a href=\"http:\/\/www.aesthetic-cosmetic.com\/ausbildung-zur-kosmetikerin-kosmetikschule-bei-freiburg.html\"><strong>Kosmetikerin lernen<\/strong><\/a>, so schauen Sie sich unsere Webseite an. Wir stehen Ihnen werktags von 8.00 Uhr bis 17.30 Uhr telefonisch unter 07668 99512-0 zur Verf\u00fcgung.<\/p>\n","protected":false},"excerpt":{"rendered":"<p>Kosmetikerin werden, den Traumberuf f\u00fcr M\u00e4dchen und Frauen jeglichen Alters ergreifen, ist \u00fcber nebenberufliches Fernlernen mit praktischen Pr\u00e4senzphasen an unserer Kosmetikschule zu erreichen. Zu Beginn des Jahres 2016 haben nach einj\u00e4hrigem Lehrgang 12 Teilnehmerinnen die Ausbildung zur Kosmetikerin erfolgreich abgeschlossen. Gratulation und viel Erfolg f\u00fcr ihren zuk\u00fcnftigen beruflichen Lebensweg in der &#8222;Beauty-Welt&#8220;. Wollen auch Sie [&hellip;]<\/p>\n","protected":false},"author":2,"featured_media":0,"comment_status":"open","ping_status":"open","sticky":false,"template":"","format":"standard","meta":{"footnotes":""},"categories":[41,3,42,7,27],"tags":[36,40,5,6,11,17,73,43,74,24],"class_list":["post-1640","post","type-post","status-publish","format-standard","hentry","category-ausbildung","category-fernunterricht","category-kosmetik","category-kosmetikerin","category-kurseseminare","tag-ausbildung-zur-kosmetikerin","tag-diplomkosmetikerin","tag-fernlehrgang","tag-fernlehrgang-zur-kosmetikerin","tag-fernlehrgange","tag-fernschule","tag-fernunterricht","tag-kosmetik-akademie","tag-kosmetikerin","tag-kosmetikschule"],"_links":{"self":[{"href":"https:\/\/www.aesthetic-cosmetic.com\/blog\/wp-json\/wp\/v2\/posts\/1640","targetHints":{"allow":["GET"]}}],"collection":[{"href":"https:\/\/www.aesthetic-cosmetic.com\/blog\/wp-json\/wp\/v2\/posts"}],"about":[{"href":"https:\/\/www.aesthetic-cosmetic.com\/blog\/wp-json\/wp\/v2\/types\/post"}],"author":[{"embeddable":true,"href":"https:\/\/www.aesthetic-cosmetic.com\/blog\/wp-json\/wp\/v2\/users\/2"}],"replies":[{"embeddable":true,"href":"https:\/\/www.aesthetic-cosmetic.com\/blog\/wp-json\/wp\/v2\/comments?post=1640"}],"version-history":[{"count":2,"href":"https:\/\/www.aesthetic-cosmetic.com\/blog\/wp-json\/wp\/v2\/posts\/1640\/revisions"}],"predecessor-version":[{"id":1643,"href":"https:\/\/www.aesthetic-cosmetic.com\/blog\/wp-json\/wp\/v2\/posts\/1640\/revisions\/1643"}],"wp:attachment":[{"href":"https:\/\/www.aesthetic-cosmetic.com\/blog\/wp-json\/wp\/v2\/media?parent=1640"}],"wp:term":[{"taxonomy":"category","embeddable":true,"href":"https:\/\/www.aesthetic-cosmetic.com\/blog\/wp-json\/wp\/v2\/categories?post=1640"},{"taxonomy":"post_tag","embeddable":true,"href":"https:\/\/www.aesthetic-cosmetic.com\/blog\/wp-json\/wp\/v2\/tags?post=1640"}],"curies":[{"name":"wp","href":"https:\/\/api.w.org\/{rel}","templated":true}]}}