{"id":1637,"date":"2016-01-24T18:12:48","date_gmt":"2016-01-24T16:12:48","guid":{"rendered":"http:\/\/www.aesthetic-cosmetic.com\/blog\/?p=1637"},"modified":"2016-01-24T18:16:36","modified_gmt":"2016-01-24T16:16:36","slug":"winter-ade","status":"publish","type":"post","link":"https:\/\/www.aesthetic-cosmetic.com\/blog\/2016\/01\/winter-ade\/","title":{"rendered":"Winter Ade &#8230;"},"content":{"rendered":"<p>Auf gut Alemannisch: Winter &#8222;Ade&#8220; oder &#8222;Uf Wiederluege&#8220;? Ja, wir befinden uns zwar noch in der Winterzeit, aber der Fr\u00fchlung und dann der Sommer, damit die Monate der haarlosen Haut und die der gepflegten F\u00fc\u00dfe, nahen!<\/p>\n<p>Planen sie zeitnah, und bieten Sie neue oder erg\u00e4nzende Dienstleistungen an.<\/p>\n<p>Informieren Sie sich \u00fcber unsere Angebote zum kostenlosen <a href=\"http:\/\/www.aesthetic-cosmetic.com\/kostenloses-produktseminar.html\"><strong>Seminartag<\/strong><\/a> am kommenden Samstag, melden Sie sich zu unserem <a href=\"http:\/\/www.aesthetic-cosmetic.com\/sugaring-grundkurs.html\"><strong>Sugaring-Seminar<\/strong><\/a> am Sonntag, oder nehmen Sie das Last-Minute-Angebot f\u00fcr das <a href=\"http:\/\/www.aesthetic-cosmetic.com\/fusspflege.html\"><strong>medizinische Fu\u00dfpflegeseminar<\/strong><\/a> in knapp 4 Wochen an.<\/p>\n<p>Es sind noch je 2 PL\u00e4tze zu den angegebenen Angeboten\/Termine zu vergeben:<\/p>\n<p><strong><a href=\"http:\/\/www.aesthetic-cosmetic.com\/sugaring-grundkurs.html\">Sugaring-Seminar<\/a><\/strong> am Sonntag, den 31. Januar 2016, zum Sonderpreis von <span style=\"color: #ff00ff;\"><strong>139,00 \u20ac<\/strong><\/span> statt 190,00 \u20ac*<\/p>\n<p><a href=\"http:\/\/www.aesthetic-cosmetic.com\/fusspflege.html\"><strong>med. Fu\u00dfpflegeseminar<\/strong><\/a> von Mo-Fr.,22. &#8211; 26. Februar 2016 zum Sonderpreis von <strong><span style=\"color: #ff00ff;\">590,00 \u20ac<\/span><\/strong> statt 720,00 \u20ac*<\/p>\n<p><a href=\"http:\/\/www.aesthetic-cosmetic.com\/kostenloses-produktseminar.html\"><strong>Informations- und Produktseminar<\/strong><\/a> am Samstag, den 30. Januar 2016*<\/p>\n<p>Rufen Sie schnell an, ob Ihr Platz noch frei ist: 07668 99512-0<\/p>\n<p>*Hierbei handelt es sich um ein gewerbliches Angebot. Die Preise verstehen sich zuz\u00fcglich 19 % MwSt.<\/p>\n","protected":false},"excerpt":{"rendered":"<p>Auf gut Alemannisch: Winter &#8222;Ade&#8220; oder &#8222;Uf Wiederluege&#8220;? Ja, wir befinden uns zwar noch in der Winterzeit, aber der Fr\u00fchlung und dann der Sommer, damit die Monate der haarlosen Haut und die der gepflegten F\u00fc\u00dfe, nahen! Planen sie zeitnah, und bieten Sie neue oder erg\u00e4nzende Dienstleistungen an. Informieren Sie sich \u00fcber unsere Angebote zum kostenlosen [&hellip;]<\/p>\n","protected":false},"author":2,"featured_media":0,"comment_status":"open","ping_status":"open","sticky":false,"template":"","format":"standard","meta":{"footnotes":""},"categories":[1,41,72,53,61,42,7,69,27,64],"tags":[22,50,20,23,33,32,31,35,51,43,74,24,28,30,29,63,21],"class_list":["post-1637","post","type-post","status-publish","format-standard","hentry","category-allgemein","category-ausbildung","category-depiladora","category-depilation-haarentfernung","category-fuspflege","category-kosmetik","category-kosmetikerin","category-kosmetische-pflegeprodukte","category-kurseseminare","category-shireen","tag-body-sugaring","tag-brazilian-waxing","tag-dauerhafte-haarentfernung","tag-depilation","tag-fuspfleger","tag-fuspflegerinnen","tag-fuspflegeschule","tag-haarentfernungswachs","tag-intim-enthaarung","tag-kosmetik-akademie","tag-kosmetikerin","tag-kosmetikschule","tag-medizinische-fuspflege","tag-podologe","tag-podologin","tag-shireen-make-up","tag-sugaring"],"_links":{"self":[{"href":"https:\/\/www.aesthetic-cosmetic.com\/blog\/wp-json\/wp\/v2\/posts\/1637","targetHints":{"allow":["GET"]}}],"collection":[{"href":"https:\/\/www.aesthetic-cosmetic.com\/blog\/wp-json\/wp\/v2\/posts"}],"about":[{"href":"https:\/\/www.aesthetic-cosmetic.com\/blog\/wp-json\/wp\/v2\/types\/post"}],"author":[{"embeddable":true,"href":"https:\/\/www.aesthetic-cosmetic.com\/blog\/wp-json\/wp\/v2\/users\/2"}],"replies":[{"embeddable":true,"href":"https:\/\/www.aesthetic-cosmetic.com\/blog\/wp-json\/wp\/v2\/comments?post=1637"}],"version-history":[{"count":1,"href":"https:\/\/www.aesthetic-cosmetic.com\/blog\/wp-json\/wp\/v2\/posts\/1637\/revisions"}],"predecessor-version":[{"id":1638,"href":"https:\/\/www.aesthetic-cosmetic.com\/blog\/wp-json\/wp\/v2\/posts\/1637\/revisions\/1638"}],"wp:attachment":[{"href":"https:\/\/www.aesthetic-cosmetic.com\/blog\/wp-json\/wp\/v2\/media?parent=1637"}],"wp:term":[{"taxonomy":"category","embeddable":true,"href":"https:\/\/www.aesthetic-cosmetic.com\/blog\/wp-json\/wp\/v2\/categories?post=1637"},{"taxonomy":"post_tag","embeddable":true,"href":"https:\/\/www.aesthetic-cosmetic.com\/blog\/wp-json\/wp\/v2\/tags?post=1637"}],"curies":[{"name":"wp","href":"https:\/\/api.w.org\/{rel}","templated":true}]}}