{"id":1619,"date":"2016-01-09T23:24:47","date_gmt":"2016-01-09T21:24:47","guid":{"rendered":"http:\/\/www.aesthetic-cosmetic.com\/blog\/?p=1619"},"modified":"2016-01-09T23:29:06","modified_gmt":"2016-01-09T21:29:06","slug":"kosmetikschule-und-kosmetikvertrieb-resumee-2016","status":"publish","type":"post","link":"https:\/\/www.aesthetic-cosmetic.com\/blog\/2016\/01\/kosmetikschule-und-kosmetikvertrieb-resumee-2016\/","title":{"rendered":"Kosmetikschule und Kosmetikvertrieb &#8211; Resumee 2016"},"content":{"rendered":"<p>2015 ist schon 10 Tage vorbei, es wird Zeit Bilanz zu ziehen, denn ein positives Jahr ging zu Ende.<\/p>\n<p>1 Jahr gingen wir mit unserem neuen <a href=\"http:\/\/www.aesthetic-cosmetic.com\/fernunterricht-e-learning.html\"><strong>Fernlehrgang<\/strong><\/a> bzw. dem <a href=\"http:\/\/www.aesthetic-cosmetic.com\/fernunterricht-e-learning.html\"><strong>Online-Learnin<\/strong>g<\/a>, <a href=\"http:\/\/www.aesthetic-cosmetic.com\/depiladora-gepruefte-depiladora.html\"><strong>Ausbildung zur Depilado<\/strong>ra<\/a> &#8222;schwanger&#8220; und er wurde planm\u00e4\u00dfig um die Weihnachtszeit geboren. Unseren ersten Lehrgang &#8218;<strong><a href=\"http:\/\/www.aesthetic-cosmetic.com\/ausbildung-zur-kosmetikerin-kosmetikschule-bei-freiburg.html\">Ausbildung zur Kosmetikerin<\/a><\/strong>&#8222;, der nun fast 30 Jahre unter staatlicher Aufsicht angeboten wird, haben wir modernisiert und weiter ausgebaut. Wussten Sie, dass wir vor etwa 20 Jahren die ersten in Deutschland waren, die einen <strong><a href=\"http:\/\/www.aesthetic-cosmetic.com\/farb-stil-und-imageberater-in.html\">Fernlehrgang zur Farb- und Stilberaterin<\/a><\/strong>, <a href=\"http:\/\/www.aesthetic-cosmetic.com\/farb-stil-und-imageberater-in.html\"><strong>Colour and Style-Consultant<\/strong><\/a> auf den Bildungsmarkt brachten. Auch er ist in modernisierter Form immer noch bei uns zu belegen.<\/p>\n<p>Unsere Produktserien wurden weiter ausgebaut und v.a. mit unseren <a href=\"http:\/\/www.shop.depilation.de\/\"><strong>Depilationsprodukten<\/strong><\/a> wie dem <a href=\"http:\/\/shop.depilation.de\/Depilation-Haarentfernung-mit-Wachs-Zuckerpaste-\/Enthaarungswachs:::27_21.html\"><strong>Enthaarungswachs<\/strong><\/a>, den <a href=\"http:\/\/shop.depilation.de\/Depilation-Haarentfernung-mit-Wachs-Zuckerpaste-\/Sugaring-Zuckerpaste:::27_19.html\"><strong>Zuckerpasten<\/strong><\/a> und allem was dazugeh\u00f6rt, verzeichneten wir 2016 ein enormes Wachstum. Vielen Dank den <strong><a href=\"http:\/\/www.aesthetic-cosmetic.com\/depiladora-gepruefte-depiladora.html\">Depiladoras<\/a><\/strong>, die unsere Produkte kaufen, und eine Einladung an unsere stetig wachsende Kundenzahl aus Deutschland, der Schweiz, \u00d6sterreich, D\u00e4nemark &#8230; Wir werden auch 2016 mit unserem Sortiment und mit Neuerungen zur Verf\u00fcgung stehen. An der gr\u00f6\u00dften <a href=\"http:\/\/www.beauty.de\/cipp\/md_beauty\/custom\/pub\/show,lang,1\/oid,6939\/xa_nr,2454635\/~\/Web-ExhDatasheet\/exh_datasheet\"><strong>Beauty-Messe<\/strong> <\/a>ihre Art in Europa k\u00f6nnen sie unsere <strong><a href=\"http:\/\/www.shop.depilation.de\/\">Depilationsprodukte<\/a><\/strong> Anfang M\u00e4rz in D\u00fcsseldorf sehen &#8230; und nat\u00fcrlich ausprobieren &#8230; und auch kaufen.<\/p>\n<p>Nicht zu vergessen, die Erweiterung des <strong><a href=\"http:\/\/www.aesthetic-cosmetic.com\/shireen-professionelles-make-up-163.html\">Make-ups von shireen<\/a><\/strong>, unter diesem Namen sind etliche neue <a href=\"http:\/\/www.aesthetic-cosmetic.com\/alles-ueber-phytotermal.html\"><strong>Pflegeprodukte f\u00fcr die Kosmetikkabine<\/strong><\/a> entstanden. Aber auch neue <strong><a href=\"http:\/\/www.aesthetic-cosmetic.com\/biosmos-hautpflegeprodukte.html\">Pflegeprodukte der neuen Generation<\/a><\/strong> f\u00fcr die Endkunden von <strong><a href=\"http:\/\/shop.depilation.de\/Antidepilation-Pflegeserie-Brauen-Wimpernfarbe-\/PFLEGEPRODUKTE-BIOSMOS:::24_30.html\">Biosmos<\/a>,<\/strong> Mailand wurden in der zweiten H\u00e4lfte des vergangenen Jahres auf den Markt gebracht.<\/p>\n<p>Schauen Sie sich auf unseren Webseiten <strong><a href=\"http:\/\/www.aesthetic-cosmetic.com\/\">www.aesthetic-cosmetic.com<\/a><\/strong> und <strong><a href=\"http:\/\/www.shop.depilation.de\/\">www.depilation.de<\/a><\/strong> um.<\/p>\n<p>Wir freuen uns, auch 2016 f\u00fcr Sie dazu sein. Ihre <strong><a href=\"http:\/\/www.aesthetic-cosmetic.com\/\">a+c&#8217;s<\/a><\/strong><\/p>\n<p>&nbsp;<\/p>\n<p>&nbsp;<\/p>\n","protected":false},"excerpt":{"rendered":"<p>2015 ist schon 10 Tage vorbei, es wird Zeit Bilanz zu ziehen, denn ein positives Jahr ging zu Ende. 1 Jahr gingen wir mit unserem neuen Fernlehrgang bzw. dem Online-Learning, Ausbildung zur Depiladora &#8222;schwanger&#8220; und er wurde planm\u00e4\u00dfig um die Weihnachtszeit geboren. Unseren ersten Lehrgang &#8218;Ausbildung zur Kosmetikerin&#8222;, der nun fast 30 Jahre unter staatlicher [&hellip;]<\/p>\n","protected":false},"author":2,"featured_media":0,"comment_status":"open","ping_status":"open","sticky":false,"template":"","format":"standard","meta":{"footnotes":""},"categories":[1,41,72,53,3,42,7,69,13],"tags":[36,22,50,20,23,40,45,5,6,11,4,17,73,35,51,43,74,24,21,34],"class_list":["post-1619","post","type-post","status-publish","format-standard","hentry","category-allgemein","category-ausbildung","category-depiladora","category-depilation-haarentfernung","category-fernunterricht","category-kosmetik","category-kosmetikerin","category-kosmetische-pflegeprodukte","category-wellness","tag-ausbildung-zur-kosmetikerin","tag-body-sugaring","tag-brazilian-waxing","tag-dauerhafte-haarentfernung","tag-depilation","tag-diplomkosmetikerin","tag-farb-und-stilberaterin","tag-fernlehrgang","tag-fernlehrgang-zur-kosmetikerin","tag-fernlehrgange","tag-fernlernen","tag-fernschule","tag-fernunterricht","tag-haarentfernungswachs","tag-intim-enthaarung","tag-kosmetik-akademie","tag-kosmetikerin","tag-kosmetikschule","tag-sugaring","tag-waxing"],"_links":{"self":[{"href":"https:\/\/www.aesthetic-cosmetic.com\/blog\/wp-json\/wp\/v2\/posts\/1619","targetHints":{"allow":["GET"]}}],"collection":[{"href":"https:\/\/www.aesthetic-cosmetic.com\/blog\/wp-json\/wp\/v2\/posts"}],"about":[{"href":"https:\/\/www.aesthetic-cosmetic.com\/blog\/wp-json\/wp\/v2\/types\/post"}],"author":[{"embeddable":true,"href":"https:\/\/www.aesthetic-cosmetic.com\/blog\/wp-json\/wp\/v2\/users\/2"}],"replies":[{"embeddable":true,"href":"https:\/\/www.aesthetic-cosmetic.com\/blog\/wp-json\/wp\/v2\/comments?post=1619"}],"version-history":[{"count":2,"href":"https:\/\/www.aesthetic-cosmetic.com\/blog\/wp-json\/wp\/v2\/posts\/1619\/revisions"}],"predecessor-version":[{"id":1621,"href":"https:\/\/www.aesthetic-cosmetic.com\/blog\/wp-json\/wp\/v2\/posts\/1619\/revisions\/1621"}],"wp:attachment":[{"href":"https:\/\/www.aesthetic-cosmetic.com\/blog\/wp-json\/wp\/v2\/media?parent=1619"}],"wp:term":[{"taxonomy":"category","embeddable":true,"href":"https:\/\/www.aesthetic-cosmetic.com\/blog\/wp-json\/wp\/v2\/categories?post=1619"},{"taxonomy":"post_tag","embeddable":true,"href":"https:\/\/www.aesthetic-cosmetic.com\/blog\/wp-json\/wp\/v2\/tags?post=1619"}],"curies":[{"name":"wp","href":"https:\/\/api.w.org\/{rel}","templated":true}]}}