{"id":1615,"date":"2016-01-03T11:03:27","date_gmt":"2016-01-03T09:03:27","guid":{"rendered":"http:\/\/www.aesthetic-cosmetic.com\/blog\/?p=1615"},"modified":"2016-01-03T11:03:27","modified_gmt":"2016-01-03T09:03:27","slug":"new-visions-ausbildung-depiladora","status":"publish","type":"post","link":"https:\/\/www.aesthetic-cosmetic.com\/blog\/2016\/01\/new-visions-ausbildung-depiladora\/","title":{"rendered":"new visions &#8211; Ausbildung Depiladora"},"content":{"rendered":"<p>New Visions f\u00fcr 2015 &#8211; <strong><a href=\"http:\/\/www.aesthetic-cosmetic.com\/depiladora-gepruefte-depiladora.html\">Depiladora werden<\/a><\/strong>!<\/p>\n<p>Kein Datum eignet sich so gut f\u00fcr neue Vors\u00e4tze, als der Beginn des Neuen Jahres. Aber wir sind immer noch das alte &#8222;Ich&#8220;. Jage nicht unrealistischen Vors\u00e4tzen hinerher, sondern setze auf durchf\u00fchrbare Visionen.<\/p>\n<p>Wie w\u00e4re es mit einer nebenberuflichen <a href=\"http:\/\/www.aesthetic-cosmetic.com\/depiladora-gepruefte-depiladora.html\"><strong>Ausbildung zur Depiladora<\/strong><\/a>? Enthaarungsprofi lernen mit Hilfe des Fernlehrgangs bzw. e-Learnings gepr\u00fcfte Depiladora inklusive zwei Praxistagen.<\/p>\n<p>Unser Einstiegsangebot:<\/p>\n<h2><span style=\"color: #ff00aa;\"><strong>99,00 \u20ac<\/strong><\/span><\/h2>\n<p>(monatliche Raten), anstatt den regul\u00e4ren 7 Raten \u00fcber 159,00 \u20ac.<\/p>\n<p>Er\u00f6ffnen Sie, auch mit kleinem Budget, ein ertragsreiches <strong><a href=\"http:\/\/www.shop.depilation.de\/\">Enthaarungsstudio<\/a><\/strong>, erg\u00e4nzen Sie Ihr bereits bestehendes Angebot mit der <a href=\"http:\/\/www.aesthetic-cosmetic.com\/depiladora-gepruefte-depiladora.html\"><strong>langfristigen Enthaarung<\/strong><\/a> oder erweitern Sie einfach Ihre Kenntnisse und Fertigkeiten in <strong><a href=\"http:\/\/www.aesthetic-cosmetic.com\/waxing.html\">Waxing<\/a><\/strong> und <strong><a href=\"http:\/\/www.aesthetic-cosmetic.com\/sugaring-grundkurs.html\">Sugaring<\/a><\/strong> etc.<\/p>\n<p>Lenrnen Sie mit uns &#8230;\u00a0 Wir w\u00fcnschen Ihnen ein erfolgreiches 2016.<\/p>\n<p>HP Gerspacher und das Team von aesthetic + cosmetic<\/p>\n<p><a href=\"http:\/\/www.aesthetic-cosmetic.com\/depiladora-gepruefte-depiladora.html\"><!--more--><\/a><\/p>\n","protected":false},"excerpt":{"rendered":"<p>New Visions f\u00fcr 2015 &#8211; Depiladora werden! Kein Datum eignet sich so gut f\u00fcr neue Vors\u00e4tze, als der Beginn des Neuen Jahres. Aber wir sind immer noch das alte &#8222;Ich&#8220;. Jage nicht unrealistischen Vors\u00e4tzen hinerher, sondern setze auf durchf\u00fchrbare Visionen. Wie w\u00e4re es mit einer nebenberuflichen Ausbildung zur Depiladora? Enthaarungsprofi lernen mit Hilfe des Fernlehrgangs [&hellip;]<\/p>\n","protected":false},"author":2,"featured_media":0,"comment_status":"open","ping_status":"open","sticky":false,"template":"","format":"standard","meta":{"footnotes":""},"categories":[1,41,72,53,3,42,7,69,27],"tags":[22,50,20,23,5,11,4,17,73,35,51,43,24,21],"class_list":["post-1615","post","type-post","status-publish","format-standard","hentry","category-allgemein","category-ausbildung","category-depiladora","category-depilation-haarentfernung","category-fernunterricht","category-kosmetik","category-kosmetikerin","category-kosmetische-pflegeprodukte","category-kurseseminare","tag-body-sugaring","tag-brazilian-waxing","tag-dauerhafte-haarentfernung","tag-depilation","tag-fernlehrgang","tag-fernlehrgange","tag-fernlernen","tag-fernschule","tag-fernunterricht","tag-haarentfernungswachs","tag-intim-enthaarung","tag-kosmetik-akademie","tag-kosmetikschule","tag-sugaring"],"_links":{"self":[{"href":"https:\/\/www.aesthetic-cosmetic.com\/blog\/wp-json\/wp\/v2\/posts\/1615","targetHints":{"allow":["GET"]}}],"collection":[{"href":"https:\/\/www.aesthetic-cosmetic.com\/blog\/wp-json\/wp\/v2\/posts"}],"about":[{"href":"https:\/\/www.aesthetic-cosmetic.com\/blog\/wp-json\/wp\/v2\/types\/post"}],"author":[{"embeddable":true,"href":"https:\/\/www.aesthetic-cosmetic.com\/blog\/wp-json\/wp\/v2\/users\/2"}],"replies":[{"embeddable":true,"href":"https:\/\/www.aesthetic-cosmetic.com\/blog\/wp-json\/wp\/v2\/comments?post=1615"}],"version-history":[{"count":2,"href":"https:\/\/www.aesthetic-cosmetic.com\/blog\/wp-json\/wp\/v2\/posts\/1615\/revisions"}],"predecessor-version":[{"id":1617,"href":"https:\/\/www.aesthetic-cosmetic.com\/blog\/wp-json\/wp\/v2\/posts\/1615\/revisions\/1617"}],"wp:attachment":[{"href":"https:\/\/www.aesthetic-cosmetic.com\/blog\/wp-json\/wp\/v2\/media?parent=1615"}],"wp:term":[{"taxonomy":"category","embeddable":true,"href":"https:\/\/www.aesthetic-cosmetic.com\/blog\/wp-json\/wp\/v2\/categories?post=1615"},{"taxonomy":"post_tag","embeddable":true,"href":"https:\/\/www.aesthetic-cosmetic.com\/blog\/wp-json\/wp\/v2\/tags?post=1615"}],"curies":[{"name":"wp","href":"https:\/\/api.w.org\/{rel}","templated":true}]}}