{"id":1603,"date":"2015-12-13T15:55:11","date_gmt":"2015-12-13T13:55:11","guid":{"rendered":"http:\/\/www.aesthetic-cosmetic.com\/blog\/?p=1603"},"modified":"2015-12-13T15:55:42","modified_gmt":"2015-12-13T13:55:42","slug":"die-neuen-fachwirte-fur-wellness-und-beauty-ihk","status":"publish","type":"post","link":"https:\/\/www.aesthetic-cosmetic.com\/blog\/2015\/12\/die-neuen-fachwirte-fur-wellness-und-beauty-ihk\/","title":{"rendered":"Die neuen Fachwirte f\u00fcr Wellness und Beauty IHK"},"content":{"rendered":"<p>14-monatiges intensives Studium (<a title=\"FErnunterrich, Onlinelernen, Praxisunterricht\" href=\"http:\/\/www.aesthetic-cosmetic.com\/fernunterricht-e-learning.html\">Fernstudium, e-Learning und Pr\u00e4senzphasen<\/a>) sind zu Ende, die schriftliche und m\u00fcndliche Pr\u00fcfung abgelegt.<\/p>\n<figure id=\"attachment_1604\" aria-describedby=\"caption-attachment-1604\" style=\"width: 450px\" class=\"wp-caption aligncenter\"><a href=\"https:\/\/www.aesthetic-cosmetic.com\/blog\/wp-content\/uploads\/2015\/12\/P1000372.jpg\"><img loading=\"lazy\" decoding=\"async\" class=\"size-large wp-image-1604\" title=\"P1000372\" src=\"https:\/\/www.aesthetic-cosmetic.com\/blog\/wp-content\/uploads\/2015\/12\/P1000372-1024x768.jpg\" alt=\"\" width=\"450\" height=\"337\" srcset=\"https:\/\/www.aesthetic-cosmetic.com\/blog\/wp-content\/uploads\/2015\/12\/P1000372-1024x768.jpg 1024w, https:\/\/www.aesthetic-cosmetic.com\/blog\/wp-content\/uploads\/2015\/12\/P1000372-300x225.jpg 300w\" sizes=\"auto, (max-width: 450px) 100vw, 450px\" \/><\/a><figcaption id=\"caption-attachment-1604\" class=\"wp-caption-text\">Fachwirt Wellness Beauty<\/figcaption><\/figure>\n<p>Anfang 1016 erhalten die Teilnehmer von der IHK Bescheid, ob Sie sich als <a title=\"FAchwirt wellness und Beauty\" href=\"http:\/\/www.aesthetic-cosmetic.com\/fernstudium-fachwirt-fuer-wellness-und-beauty-ihk.html\"><strong>Fachwirte f\u00fcr Wellness und Beauty<\/strong><\/a>, das nach dem Bologna-Abkommen der Stufe 6, dem Bachelor Abschluss, entspricht, bezeichnen d\u00fcrfen.<\/p>\n<p><a href=\"https:\/\/www.aesthetic-cosmetic.com\/blog\/wp-content\/uploads\/2015\/12\/P1000376.jpg\"><img loading=\"lazy\" decoding=\"async\" class=\"aligncenter size-large wp-image-1605\" title=\"P1000376\" src=\"https:\/\/www.aesthetic-cosmetic.com\/blog\/wp-content\/uploads\/2015\/12\/P1000376-1024x768.jpg\" alt=\"\" width=\"450\" height=\"337\" srcset=\"https:\/\/www.aesthetic-cosmetic.com\/blog\/wp-content\/uploads\/2015\/12\/P1000376-1024x768.jpg 1024w, https:\/\/www.aesthetic-cosmetic.com\/blog\/wp-content\/uploads\/2015\/12\/P1000376-300x225.jpg 300w\" sizes=\"auto, (max-width: 450px) 100vw, 450px\" \/><\/a><\/p>\n<p>Die IHK Hochrhein-Bodensee ist die einzige, die in Zusammenarbeit mit <a title=\"Kosmetikschule\" href=\"http:\/\/www.aesthetic-cosmetic.com\/\"><strong>aesthetic + cosmetic<\/strong><\/a> diesen Lehrgang in der BRD anbietet.<\/p>\n<p>Haben Sie Interesse, das zukunftstr\u00e4chtiges Studium f\u00fcr den\/die <a title=\"Fachwirt wellness beauty\" href=\"http:\/\/www.aesthetic-cosmetic.com\/fernstudium-fachwirt-fuer-wellness-und-beauty-ihk.html\"><strong>Fachwirt\/in f\u00fcr Wellness und Beauty<\/strong><\/a> aufzunehmen? Der n\u00e4chste Lehrgang beginnt am 18. April 2016. Informationen erhalten Sie unter 07668 99512-0.<\/p>\n","protected":false},"excerpt":{"rendered":"<p>14-monatiges intensives Studium (Fernstudium, e-Learning und Pr\u00e4senzphasen) sind zu Ende, die schriftliche und m\u00fcndliche Pr\u00fcfung abgelegt. Anfang 1016 erhalten die Teilnehmer von der IHK Bescheid, ob Sie sich als Fachwirte f\u00fcr Wellness und Beauty, das nach dem Bologna-Abkommen der Stufe 6, dem Bachelor Abschluss, entspricht, bezeichnen d\u00fcrfen. Die IHK Hochrhein-Bodensee ist die einzige, die in [&hellip;]<\/p>\n","protected":false},"author":2,"featured_media":0,"comment_status":"open","ping_status":"open","sticky":false,"template":"","format":"standard","meta":{"footnotes":""},"categories":[1,41,3,42,7,27,13],"tags":[],"class_list":["post-1603","post","type-post","status-publish","format-standard","hentry","category-allgemein","category-ausbildung","category-fernunterricht","category-kosmetik","category-kosmetikerin","category-kurseseminare","category-wellness"],"_links":{"self":[{"href":"https:\/\/www.aesthetic-cosmetic.com\/blog\/wp-json\/wp\/v2\/posts\/1603","targetHints":{"allow":["GET"]}}],"collection":[{"href":"https:\/\/www.aesthetic-cosmetic.com\/blog\/wp-json\/wp\/v2\/posts"}],"about":[{"href":"https:\/\/www.aesthetic-cosmetic.com\/blog\/wp-json\/wp\/v2\/types\/post"}],"author":[{"embeddable":true,"href":"https:\/\/www.aesthetic-cosmetic.com\/blog\/wp-json\/wp\/v2\/users\/2"}],"replies":[{"embeddable":true,"href":"https:\/\/www.aesthetic-cosmetic.com\/blog\/wp-json\/wp\/v2\/comments?post=1603"}],"version-history":[{"count":2,"href":"https:\/\/www.aesthetic-cosmetic.com\/blog\/wp-json\/wp\/v2\/posts\/1603\/revisions"}],"predecessor-version":[{"id":1607,"href":"https:\/\/www.aesthetic-cosmetic.com\/blog\/wp-json\/wp\/v2\/posts\/1603\/revisions\/1607"}],"wp:attachment":[{"href":"https:\/\/www.aesthetic-cosmetic.com\/blog\/wp-json\/wp\/v2\/media?parent=1603"}],"wp:term":[{"taxonomy":"category","embeddable":true,"href":"https:\/\/www.aesthetic-cosmetic.com\/blog\/wp-json\/wp\/v2\/categories?post=1603"},{"taxonomy":"post_tag","embeddable":true,"href":"https:\/\/www.aesthetic-cosmetic.com\/blog\/wp-json\/wp\/v2\/tags?post=1603"}],"curies":[{"name":"wp","href":"https:\/\/api.w.org\/{rel}","templated":true}]}}