{"id":1514,"date":"2015-10-14T17:01:45","date_gmt":"2015-10-14T15:01:45","guid":{"rendered":"http:\/\/www.aesthetic-cosmetic.com\/blog\/?p=1514"},"modified":"2015-10-14T17:02:15","modified_gmt":"2015-10-14T15:02:15","slug":"kosmetikerin-lernen-auch-fur-den-mann","status":"publish","type":"post","link":"https:\/\/www.aesthetic-cosmetic.com\/blog\/2015\/10\/kosmetikerin-lernen-auch-fur-den-mann\/","title":{"rendered":"Kosmetiker\/in lernen, auch f\u00fcr den Mann!"},"content":{"rendered":"<p>Die <a title=\"ausbildung kosmetikerin\" href=\"http:\/\/www.aesthetic-cosmetic.com\/\"><strong>Ausbildung zur Kosmetikerin<\/strong><\/a> lohnt sich, dies best\u00e4tigen uns 9 frischgebackene Kosmetikerinnen und ein Kosmetiker.<\/p>\n<p>&nbsp;<\/p>\n<figure id=\"attachment_1515\" aria-describedby=\"caption-attachment-1515\" style=\"width: 450px\" class=\"wp-caption aligncenter\"><a href=\"https:\/\/www.aesthetic-cosmetic.com\/blog\/wp-content\/uploads\/2015\/10\/20151009Kosmetikerin.jpg\"><img loading=\"lazy\" decoding=\"async\" class=\"size-large wp-image-1515\" title=\"20151009Kosmetikerin\" src=\"https:\/\/www.aesthetic-cosmetic.com\/blog\/wp-content\/uploads\/2015\/10\/20151009Kosmetikerin-1024x768.jpg\" alt=\"\" width=\"450\" height=\"337\" srcset=\"https:\/\/www.aesthetic-cosmetic.com\/blog\/wp-content\/uploads\/2015\/10\/20151009Kosmetikerin-1024x768.jpg 1024w, https:\/\/www.aesthetic-cosmetic.com\/blog\/wp-content\/uploads\/2015\/10\/20151009Kosmetikerin-300x225.jpg 300w\" sizes=\"auto, (max-width: 450px) 100vw, 450px\" \/><\/a><figcaption id=\"caption-attachment-1515\" class=\"wp-caption-text\">Kosmetiker und Kosmetikerin<\/figcaption><\/figure>\n<p>Endlich wird auch der Mann &#8222;efrauzipiert&#8220;. Gendergerecht steigt die Anzahl der m\u00e4nnlichen Teilnehmer an unseren <a title=\"Sch\u00f6nheit und Wellness lernen\" href=\"http:\/\/www.aesthetic-cosmetic.com\/\"><strong>Fernstudien, e-Learnings und Seminaren im Sch\u00f6nheits- und Wellnessbereich<\/strong><\/a> in den letzten Jahren.<\/p>\n<p>Wenngleich auch M\u00e4nner als Visagisten und Make-up-Artisten h\u00e4ufig anzutreffen sind, in anderen kosmetischen Berufen sind sie noch rar. Aber die Kampagnen einiger Bundesbeh\u00f6rden zu diesem Thema tragen langsam Fr\u00fcchte.<\/p>\n<p>Wer sich noch ziert, Kosmetiker ,Wellness + Beauty Fachmann\u00a0 oder <a title=\"ausbildung depilador\" href=\"http:\/\/www.aesthetic-cosmetic.com\/kurse-seminare\/depilation-clasique.html\"><strong>Depilador<\/strong><\/a> zu werden, rufen Sie uns an. Sie d\u00fcrfen sich aussuchen, ob Sie eine Frau oder ein Mann ber\u00e4t. Wir stehen zu Ihrer Verf\u00fcgung: 07668 99512-0<\/p>\n","protected":false},"excerpt":{"rendered":"<p>Die Ausbildung zur Kosmetikerin lohnt sich, dies best\u00e4tigen uns 9 frischgebackene Kosmetikerinnen und ein Kosmetiker. &nbsp; Endlich wird auch der Mann &#8222;efrauzipiert&#8220;. Gendergerecht steigt die Anzahl der m\u00e4nnlichen Teilnehmer an unseren Fernstudien, e-Learnings und Seminaren im Sch\u00f6nheits- und Wellnessbereich in den letzten Jahren. Wenngleich auch M\u00e4nner als Visagisten und Make-up-Artisten h\u00e4ufig anzutreffen sind, in anderen [&hellip;]<\/p>\n","protected":false},"author":2,"featured_media":0,"comment_status":"open","ping_status":"open","sticky":false,"template":"","format":"standard","meta":{"footnotes":""},"categories":[41,72,53,3,42,7,27,59,13],"tags":[36,22,50,20,23,40,45,6,17,73,33,31,35,43,24,9,26,25,21,12,10,34,8,18],"class_list":["post-1514","post","type-post","status-publish","format-standard","hentry","category-ausbildung","category-depiladora","category-depilation-haarentfernung","category-fernunterricht","category-kosmetik","category-kosmetikerin","category-kurseseminare","category-visagismus-make-up","category-wellness","tag-ausbildung-zur-kosmetikerin","tag-body-sugaring","tag-brazilian-waxing","tag-dauerhafte-haarentfernung","tag-depilation","tag-diplomkosmetikerin","tag-farb-und-stilberaterin","tag-fernlehrgang-zur-kosmetikerin","tag-fernschule","tag-fernunterricht","tag-fuspfleger","tag-fuspflegeschule","tag-haarentfernungswachs","tag-kosmetik-akademie","tag-kosmetikschule","tag-make-up-fachfrau","tag-make-up-artist","tag-maskenbildner","tag-sugaring","tag-visagist","tag-visagistin","tag-waxing","tag-wellness-beauty-fachfrau","tag-wellness-und-beauty-fachfrau"],"_links":{"self":[{"href":"https:\/\/www.aesthetic-cosmetic.com\/blog\/wp-json\/wp\/v2\/posts\/1514","targetHints":{"allow":["GET"]}}],"collection":[{"href":"https:\/\/www.aesthetic-cosmetic.com\/blog\/wp-json\/wp\/v2\/posts"}],"about":[{"href":"https:\/\/www.aesthetic-cosmetic.com\/blog\/wp-json\/wp\/v2\/types\/post"}],"author":[{"embeddable":true,"href":"https:\/\/www.aesthetic-cosmetic.com\/blog\/wp-json\/wp\/v2\/users\/2"}],"replies":[{"embeddable":true,"href":"https:\/\/www.aesthetic-cosmetic.com\/blog\/wp-json\/wp\/v2\/comments?post=1514"}],"version-history":[{"count":3,"href":"https:\/\/www.aesthetic-cosmetic.com\/blog\/wp-json\/wp\/v2\/posts\/1514\/revisions"}],"predecessor-version":[{"id":1518,"href":"https:\/\/www.aesthetic-cosmetic.com\/blog\/wp-json\/wp\/v2\/posts\/1514\/revisions\/1518"}],"wp:attachment":[{"href":"https:\/\/www.aesthetic-cosmetic.com\/blog\/wp-json\/wp\/v2\/media?parent=1514"}],"wp:term":[{"taxonomy":"category","embeddable":true,"href":"https:\/\/www.aesthetic-cosmetic.com\/blog\/wp-json\/wp\/v2\/categories?post=1514"},{"taxonomy":"post_tag","embeddable":true,"href":"https:\/\/www.aesthetic-cosmetic.com\/blog\/wp-json\/wp\/v2\/tags?post=1514"}],"curies":[{"name":"wp","href":"https:\/\/api.w.org\/{rel}","templated":true}]}}