{"id":1504,"date":"2015-09-29T19:10:15","date_gmt":"2015-09-29T17:10:15","guid":{"rendered":"http:\/\/www.aesthetic-cosmetic.com\/blog\/?p=1504"},"modified":"2015-09-29T19:17:22","modified_gmt":"2015-09-29T17:17:22","slug":"make-up-schule-mit-niveau","status":"publish","type":"post","link":"https:\/\/www.aesthetic-cosmetic.com\/blog\/2015\/09\/make-up-schule-mit-niveau\/","title":{"rendered":"Make-up Schule mit Niveau"},"content":{"rendered":"<p>heute ist uns wieder ein &#8222;Liebesbrief&#8220; ins Haus geflattert, den wir gern ver\u00f6ffentlichen. Wir freuen uns immer von Neuem, wenn unsere Trainer und Ausbilder und damit die gesamte <a title=\"Kosmetikschule a+c\" href=\"http:\/\/www.aesthetic-cosmetic.com\/\"><strong>Kosmetikschule<\/strong><\/a> mit Ihren Abteilungen in <a title=\"Beauty Ausbildung\" href=\"http:\/\/www.aesthetic-cosmetic.com\/\"><strong>Beauty<\/strong><\/a>, <a title=\"Ausbildung wellness\" href=\"http:\/\/www.aesthetic-cosmetic.com\/fernstudium\/wellness-und-beauty-fachfrau.html\"><strong>Wellness<\/strong><\/a>, <a title=\"ausbildung Visagist\" href=\"http:\/\/www.aesthetic-cosmetic.com\/fernstudium\/make-up-fachfraumann-visagistin.html\"><strong>Visagistik<\/strong><\/a> und <a title=\"Ausbildung ern\u00e4hrung\" href=\"http:\/\/www.aesthetic-cosmetic.com\/fernstudium\/ernaehrungs-fachfraumann-food-coach.html\"><strong>Ern\u00e4hrung<\/strong><\/a> mit Komplimenten bedacht wird.<\/p>\n<p>&#8222;&#8230; ich wollte mich nochmals bedanken f\u00fcr das tolle Seminar (<a title=\"ausbildung make-up artist\" href=\"http:\/\/www.aesthetic-cosmetic.com\/kurse-seminare\/visagismus\/masken-make-up.html\"><strong>Maskenseminar<\/strong><\/a>). Es war super , dass es eine kleine Gruppe war. So konnte ich trotz null Erfahrung mit Fettschminke mithalten und viel lernen, Frau Dreher hat sich echt toll um mich gek\u00fcmmert und sie hat mich wunderbar unterst\u00fctzt. &#8230; Nochmals vielen Dank und beste Gr\u00fc\u00dfe aus Konstanz. Ich freue mich auf das n\u00e4chste Seminar. D. S.&#8220;<\/p>\n<p><a href=\"https:\/\/www.aesthetic-cosmetic.com\/blog\/wp-content\/uploads\/2015\/09\/P1000338.jpg\"><img loading=\"lazy\" decoding=\"async\" class=\"aligncenter size-large wp-image-1507\" title=\"P1000338\" src=\"https:\/\/www.aesthetic-cosmetic.com\/blog\/wp-content\/uploads\/2015\/09\/P1000338-e1443546808339-768x1024.jpg\" alt=\"\" width=\"450\" height=\"600\" srcset=\"https:\/\/www.aesthetic-cosmetic.com\/blog\/wp-content\/uploads\/2015\/09\/P1000338-e1443546808339-768x1024.jpg 768w, https:\/\/www.aesthetic-cosmetic.com\/blog\/wp-content\/uploads\/2015\/09\/P1000338-e1443546808339-225x300.jpg 225w\" sizes=\"auto, (max-width: 450px) 100vw, 450px\" \/><\/a><\/p>\n","protected":false},"excerpt":{"rendered":"<p>heute ist uns wieder ein &#8222;Liebesbrief&#8220; ins Haus geflattert, den wir gern ver\u00f6ffentlichen. Wir freuen uns immer von Neuem, wenn unsere Trainer und Ausbilder und damit die gesamte Kosmetikschule mit Ihren Abteilungen in Beauty, Wellness, Visagistik und Ern\u00e4hrung mit Komplimenten bedacht wird. &#8222;&#8230; ich wollte mich nochmals bedanken f\u00fcr das tolle Seminar (Maskenseminar). Es war [&hellip;]<\/p>\n","protected":false},"author":2,"featured_media":0,"comment_status":"open","ping_status":"open","sticky":false,"template":"","format":"standard","meta":{"footnotes":""},"categories":[42,7,27,59],"tags":[36,6,43,24,9,26,25,63,12,10],"class_list":["post-1504","post","type-post","status-publish","format-standard","hentry","category-kosmetik","category-kosmetikerin","category-kurseseminare","category-visagismus-make-up","tag-ausbildung-zur-kosmetikerin","tag-fernlehrgang-zur-kosmetikerin","tag-kosmetik-akademie","tag-kosmetikschule","tag-make-up-fachfrau","tag-make-up-artist","tag-maskenbildner","tag-shireen-make-up","tag-visagist","tag-visagistin"],"_links":{"self":[{"href":"https:\/\/www.aesthetic-cosmetic.com\/blog\/wp-json\/wp\/v2\/posts\/1504","targetHints":{"allow":["GET"]}}],"collection":[{"href":"https:\/\/www.aesthetic-cosmetic.com\/blog\/wp-json\/wp\/v2\/posts"}],"about":[{"href":"https:\/\/www.aesthetic-cosmetic.com\/blog\/wp-json\/wp\/v2\/types\/post"}],"author":[{"embeddable":true,"href":"https:\/\/www.aesthetic-cosmetic.com\/blog\/wp-json\/wp\/v2\/users\/2"}],"replies":[{"embeddable":true,"href":"https:\/\/www.aesthetic-cosmetic.com\/blog\/wp-json\/wp\/v2\/comments?post=1504"}],"version-history":[{"count":4,"href":"https:\/\/www.aesthetic-cosmetic.com\/blog\/wp-json\/wp\/v2\/posts\/1504\/revisions"}],"predecessor-version":[{"id":1509,"href":"https:\/\/www.aesthetic-cosmetic.com\/blog\/wp-json\/wp\/v2\/posts\/1504\/revisions\/1509"}],"wp:attachment":[{"href":"https:\/\/www.aesthetic-cosmetic.com\/blog\/wp-json\/wp\/v2\/media?parent=1504"}],"wp:term":[{"taxonomy":"category","embeddable":true,"href":"https:\/\/www.aesthetic-cosmetic.com\/blog\/wp-json\/wp\/v2\/categories?post=1504"},{"taxonomy":"post_tag","embeddable":true,"href":"https:\/\/www.aesthetic-cosmetic.com\/blog\/wp-json\/wp\/v2\/tags?post=1504"}],"curies":[{"name":"wp","href":"https:\/\/api.w.org\/{rel}","templated":true}]}}