{"id":1497,"date":"2015-09-27T16:59:44","date_gmt":"2015-09-27T14:59:44","guid":{"rendered":"http:\/\/www.aesthetic-cosmetic.com\/blog\/?p=1497"},"modified":"2015-09-27T17:04:15","modified_gmt":"2015-09-27T15:04:15","slug":"ausbildung-make-up-mal-andersrum","status":"publish","type":"post","link":"https:\/\/www.aesthetic-cosmetic.com\/blog\/2015\/09\/ausbildung-make-up-mal-andersrum\/","title":{"rendered":"Ausbildung Make-up mal &#8222;andersrum&#8220;"},"content":{"rendered":"<p><a title=\"aesthetic + cosmetic\" href=\"http:\/\/www.aesthetic-cosmetic.com\/\"><strong>aesthetic + cosmetic<\/strong><\/a>, die <a title=\"Kosmetikschule\" href=\"http:\/\/www.aesthetic-cosmetic.com\/fernstudium\/kosmetikerin.html\"><strong>Kosmetikschule<\/strong> <\/a>f\u00fcr <a title=\"Beauty lernen\" href=\"http:\/\/www.aesthetic-cosmetic.com\/\"><strong>Beauty<\/strong><\/a> und <a title=\"wellness lernen\" href=\"http:\/\/www.aesthetic-cosmetic.com\/fernstudium\/wellness-und-beauty-fachfrau.html\"><strong>Wellness<\/strong><\/a>, kann auch anders: <a title=\"ausbildung make--up\" href=\"http:\/\/www.aesthetic-cosmetic.com\/fernstudium\/make-up-fachfraumann-visagistin.html\"><strong>Make-up lernen<\/strong><\/a>, nicht nur als <a title=\"ausbildung visagist\" href=\"http:\/\/www.aesthetic-cosmetic.com\/fernstudium\/make-up-fachfraumann-visagistin.html\"><strong>Visagistin<\/strong><\/a> im gestalterischen Sinn f\u00fcr das Beauty-Ideal, sondern <strong><a title=\"Masken makeup lernen\" href=\"http:\/\/www.aesthetic-cosmetic.com\/kurse-seminare\/visagismus\/masken-make-up.html\">Masken Make-up<\/a><\/strong>, nicht nur f\u00fcr Halloween, sondern auch f\u00fcr Theater, Karneval etc.<\/p>\n<figure id=\"attachment_1499\" aria-describedby=\"caption-attachment-1499\" style=\"width: 450px\" class=\"wp-caption aligncenter\"><a href=\"https:\/\/www.aesthetic-cosmetic.com\/blog\/wp-content\/uploads\/2015\/09\/P1000341.jpg\"><img loading=\"lazy\" decoding=\"async\" class=\"size-large wp-image-1499\" title=\"P1000341\" src=\"https:\/\/www.aesthetic-cosmetic.com\/blog\/wp-content\/uploads\/2015\/09\/P1000341-1024x768.jpg\" alt=\"\" width=\"450\" height=\"337\" srcset=\"https:\/\/www.aesthetic-cosmetic.com\/blog\/wp-content\/uploads\/2015\/09\/P1000341-1024x768.jpg 1024w, https:\/\/www.aesthetic-cosmetic.com\/blog\/wp-content\/uploads\/2015\/09\/P1000341-300x225.jpg 300w\" sizes=\"auto, (max-width: 450px) 100vw, 450px\" \/><\/a><figcaption id=\"caption-attachment-1499\" class=\"wp-caption-text\">Die Make-up-Artisten bei der Arbeit<\/figcaption><\/figure>\n<p>Der augenblicklich laufende zweit\u00e4gige Crashkurs, die Teilnehmer staunen, was sie in dieser kurzen Zeit lernen. Es macht nicht nur unb\u00e4ndigen Spass, auch das Ergebnis ist fast schon professionell.<\/p>\n<figure id=\"attachment_1500\" aria-describedby=\"caption-attachment-1500\" style=\"width: 450px\" class=\"wp-caption aligncenter\"><a href=\"https:\/\/www.aesthetic-cosmetic.com\/blog\/wp-content\/uploads\/2015\/09\/P1000346.jpg\"><img loading=\"lazy\" decoding=\"async\" class=\"size-large wp-image-1500\" title=\"P1000346\" src=\"https:\/\/www.aesthetic-cosmetic.com\/blog\/wp-content\/uploads\/2015\/09\/P1000346-1024x768.jpg\" alt=\"\" width=\"450\" height=\"337\" srcset=\"https:\/\/www.aesthetic-cosmetic.com\/blog\/wp-content\/uploads\/2015\/09\/P1000346-1024x768.jpg 1024w, https:\/\/www.aesthetic-cosmetic.com\/blog\/wp-content\/uploads\/2015\/09\/P1000346-300x225.jpg 300w\" sizes=\"auto, (max-width: 450px) 100vw, 450px\" \/><\/a><figcaption id=\"caption-attachment-1500\" class=\"wp-caption-text\">Eines der Ergebnisse.<\/figcaption><\/figure>\n<p>Merken Sie sich den Termin vor: Auch im n\u00e4chsten Jahr werden wir nicht nur <a title=\"seminare in beauty\" href=\"http:\/\/www.aesthetic-cosmetic.com\/\"><strong>Seminare in Beauty<\/strong><\/a> und <a title=\"make-up lernen\" href=\"http:\/\/www.aesthetic-cosmetic.com\/fernstudium\/make-up-fachfraumann-visagistin.html\"><strong>Make-up<\/strong><\/a> durchf\u00fchren, auch das <a title=\"ausbildung masken Make-up\" href=\"http:\/\/www.aesthetic-cosmetic.com\/kurse-seminare\/visagismus\/masken-make-up.html\"><strong>Masken Make-up<\/strong><\/a> wird rechtzeitig vor Halloween angeboten.<\/p>\n","protected":false},"excerpt":{"rendered":"<p>aesthetic + cosmetic, die Kosmetikschule f\u00fcr Beauty und Wellness, kann auch anders: Make-up lernen, nicht nur als Visagistin im gestalterischen Sinn f\u00fcr das Beauty-Ideal, sondern Masken Make-up, nicht nur f\u00fcr Halloween, sondern auch f\u00fcr Theater, Karneval etc. Der augenblicklich laufende zweit\u00e4gige Crashkurs, die Teilnehmer staunen, was sie in dieser kurzen Zeit lernen. Es macht nicht [&hellip;]<\/p>\n","protected":false},"author":2,"featured_media":0,"comment_status":"open","ping_status":"open","sticky":false,"template":"","format":"standard","meta":{"footnotes":""},"categories":[1,41,42,7,27,59],"tags":[],"class_list":["post-1497","post","type-post","status-publish","format-standard","hentry","category-allgemein","category-ausbildung","category-kosmetik","category-kosmetikerin","category-kurseseminare","category-visagismus-make-up"],"_links":{"self":[{"href":"https:\/\/www.aesthetic-cosmetic.com\/blog\/wp-json\/wp\/v2\/posts\/1497","targetHints":{"allow":["GET"]}}],"collection":[{"href":"https:\/\/www.aesthetic-cosmetic.com\/blog\/wp-json\/wp\/v2\/posts"}],"about":[{"href":"https:\/\/www.aesthetic-cosmetic.com\/blog\/wp-json\/wp\/v2\/types\/post"}],"author":[{"embeddable":true,"href":"https:\/\/www.aesthetic-cosmetic.com\/blog\/wp-json\/wp\/v2\/users\/2"}],"replies":[{"embeddable":true,"href":"https:\/\/www.aesthetic-cosmetic.com\/blog\/wp-json\/wp\/v2\/comments?post=1497"}],"version-history":[{"count":3,"href":"https:\/\/www.aesthetic-cosmetic.com\/blog\/wp-json\/wp\/v2\/posts\/1497\/revisions"}],"predecessor-version":[{"id":1502,"href":"https:\/\/www.aesthetic-cosmetic.com\/blog\/wp-json\/wp\/v2\/posts\/1497\/revisions\/1502"}],"wp:attachment":[{"href":"https:\/\/www.aesthetic-cosmetic.com\/blog\/wp-json\/wp\/v2\/media?parent=1497"}],"wp:term":[{"taxonomy":"category","embeddable":true,"href":"https:\/\/www.aesthetic-cosmetic.com\/blog\/wp-json\/wp\/v2\/categories?post=1497"},{"taxonomy":"post_tag","embeddable":true,"href":"https:\/\/www.aesthetic-cosmetic.com\/blog\/wp-json\/wp\/v2\/tags?post=1497"}],"curies":[{"name":"wp","href":"https:\/\/api.w.org\/{rel}","templated":true}]}}