{"id":1492,"date":"2015-09-01T10:20:42","date_gmt":"2015-09-01T08:20:42","guid":{"rendered":"http:\/\/www.aesthetic-cosmetic.com\/blog\/?p=1492"},"modified":"2015-09-01T10:22:55","modified_gmt":"2015-09-01T08:22:55","slug":"15-nachlass-fur-masken-make-up-sugaring-und-med-fuspflege","status":"publish","type":"post","link":"https:\/\/www.aesthetic-cosmetic.com\/blog\/2015\/09\/15-nachlass-fur-masken-make-up-sugaring-und-med-fuspflege\/","title":{"rendered":"15 % Nachlass f\u00fcr Masken-Make-up, Sugaring und med. Fu\u00dfpflege"},"content":{"rendered":"<p>Unser sch\u00f6ner, hei\u00dfer Sommer verl\u00e4sst uns. Relaxen ist vorbei, Weiterbildung ist angesagt!<\/p>\n<p>Mitte September fangen wir mit den ersten Seminaren an. Es sind noch Pl\u00e4tze frei. Schnell anmelden und <strong>15 % Preisnachlass<\/strong> erhalten:<\/p>\n<p><a title=\"Maske make-up lernen\" href=\"http:\/\/www.aesthetic-cosmetic.com\/kurse-seminare\/visagismus\/masken-make-up.html\"><strong>Masken-Make-up<\/strong><\/a>, nicht nur f\u00fcr Halloween, Hexen, Glatzen, Phantasie-Make-up &#8230;<br \/>\nSa\/So,<strong> 26.\/27.09.2015<\/strong>, sind noch <strong>drei<\/strong> Pl\u00e4tze frei<\/p>\n<p><a href=\"https:\/\/www.aesthetic-cosmetic.com\/blog\/wp-content\/uploads\/2015\/09\/6595207a.jpg\"><img loading=\"lazy\" decoding=\"async\" class=\"aligncenter size-large wp-image-1493\" title=\"DCF 1.0\" src=\"https:\/\/www.aesthetic-cosmetic.com\/blog\/wp-content\/uploads\/2015\/09\/6595207a-1024x768.jpg\" alt=\"\" width=\"450\" height=\"337\" srcset=\"https:\/\/www.aesthetic-cosmetic.com\/blog\/wp-content\/uploads\/2015\/09\/6595207a-1024x768.jpg 1024w, https:\/\/www.aesthetic-cosmetic.com\/blog\/wp-content\/uploads\/2015\/09\/6595207a-300x225.jpg 300w, https:\/\/www.aesthetic-cosmetic.com\/blog\/wp-content\/uploads\/2015\/09\/6595207a.jpg 1280w\" sizes=\"auto, (max-width: 450px) 100vw, 450px\" \/><\/a><\/p>\n<p><a title=\"ausbildung sugaring\" href=\"http:\/\/www.aesthetic-cosmetic.com\/kurse-seminare\/sugaring.html\"><strong>Sugaring<\/strong><\/a><br \/>\nSo, <strong>13.09.2015<\/strong>, sind noch <strong>drei<\/strong> Pl\u00e4tze frei<\/p>\n<p><a title=\"ausbildung medizinische fu\u00dfpflege\" href=\"http:\/\/www.aesthetic-cosmetic.com\/kurse-seminare\/fusspflege-und-erweiterungen\/fusspflege.html\"><strong>Med. Fu\u00dfpflege<\/strong><\/a><br \/>\nMo-Fr, <strong>14. &#8211; 18.09.201<\/strong>5, ist nur noch <strong>ein<\/strong> Platz frei!<\/p>\n<p>Die 15-%-Specials sind ausschlie\u00dflich f\u00fcr die angegebenen freien Pl\u00e4tze g\u00fcltig und k\u00f6nnen nicht mit anderen Sonderangeboten und Specials kombiniert werden.<\/p>\n","protected":false},"excerpt":{"rendered":"<p>Unser sch\u00f6ner, hei\u00dfer Sommer verl\u00e4sst uns. Relaxen ist vorbei, Weiterbildung ist angesagt! Mitte September fangen wir mit den ersten Seminaren an. Es sind noch Pl\u00e4tze frei. Schnell anmelden und 15 % Preisnachlass erhalten: Masken-Make-up, nicht nur f\u00fcr Halloween, Hexen, Glatzen, Phantasie-Make-up &#8230; Sa\/So, 26.\/27.09.2015, sind noch drei Pl\u00e4tze frei Sugaring So, 13.09.2015, sind noch drei [&hellip;]<\/p>\n","protected":false},"author":2,"featured_media":0,"comment_status":"open","ping_status":"open","sticky":false,"template":"","format":"standard","meta":{"footnotes":""},"categories":[1,41,72,53,61,42,7,27,59],"tags":[22,50,20,23,33,32,31,35,51,43,74,9,26,25,28,30,29,63,12,10,34],"class_list":["post-1492","post","type-post","status-publish","format-standard","hentry","category-allgemein","category-ausbildung","category-depiladora","category-depilation-haarentfernung","category-fuspflege","category-kosmetik","category-kosmetikerin","category-kurseseminare","category-visagismus-make-up","tag-body-sugaring","tag-brazilian-waxing","tag-dauerhafte-haarentfernung","tag-depilation","tag-fuspfleger","tag-fuspflegerinnen","tag-fuspflegeschule","tag-haarentfernungswachs","tag-intim-enthaarung","tag-kosmetik-akademie","tag-kosmetikerin","tag-make-up-fachfrau","tag-make-up-artist","tag-maskenbildner","tag-medizinische-fuspflege","tag-podologe","tag-podologin","tag-shireen-make-up","tag-visagist","tag-visagistin","tag-waxing"],"_links":{"self":[{"href":"https:\/\/www.aesthetic-cosmetic.com\/blog\/wp-json\/wp\/v2\/posts\/1492","targetHints":{"allow":["GET"]}}],"collection":[{"href":"https:\/\/www.aesthetic-cosmetic.com\/blog\/wp-json\/wp\/v2\/posts"}],"about":[{"href":"https:\/\/www.aesthetic-cosmetic.com\/blog\/wp-json\/wp\/v2\/types\/post"}],"author":[{"embeddable":true,"href":"https:\/\/www.aesthetic-cosmetic.com\/blog\/wp-json\/wp\/v2\/users\/2"}],"replies":[{"embeddable":true,"href":"https:\/\/www.aesthetic-cosmetic.com\/blog\/wp-json\/wp\/v2\/comments?post=1492"}],"version-history":[{"count":3,"href":"https:\/\/www.aesthetic-cosmetic.com\/blog\/wp-json\/wp\/v2\/posts\/1492\/revisions"}],"predecessor-version":[{"id":1495,"href":"https:\/\/www.aesthetic-cosmetic.com\/blog\/wp-json\/wp\/v2\/posts\/1492\/revisions\/1495"}],"wp:attachment":[{"href":"https:\/\/www.aesthetic-cosmetic.com\/blog\/wp-json\/wp\/v2\/media?parent=1492"}],"wp:term":[{"taxonomy":"category","embeddable":true,"href":"https:\/\/www.aesthetic-cosmetic.com\/blog\/wp-json\/wp\/v2\/categories?post=1492"},{"taxonomy":"post_tag","embeddable":true,"href":"https:\/\/www.aesthetic-cosmetic.com\/blog\/wp-json\/wp\/v2\/tags?post=1492"}],"curies":[{"name":"wp","href":"https:\/\/api.w.org\/{rel}","templated":true}]}}