{"id":1480,"date":"2015-08-13T17:10:23","date_gmt":"2015-08-13T15:10:23","guid":{"rendered":"http:\/\/www.aesthetic-cosmetic.com\/blog\/?p=1480"},"modified":"2015-08-13T17:14:08","modified_gmt":"2015-08-13T15:14:08","slug":"ausbildung-kosmetik-und-wellness-in-nrw","status":"publish","type":"post","link":"https:\/\/www.aesthetic-cosmetic.com\/blog\/2015\/08\/ausbildung-kosmetik-und-wellness-in-nrw\/","title":{"rendered":"Ausbildung Kosmetik und Wellness in NRW"},"content":{"rendered":"<p>Zur\u00fcck zur <a title=\"Kosmetikerin werden\" href=\"http:\/\/www.aesthetic-cosmetic.com\/fernstudium\/kosmetikerin.html\"><strong>Ausbildung zur Kosmetikerin<\/strong><\/a>, <a title=\"Wellness und Beauty lernen\" href=\"http:\/\/www.aesthetic-cosmetic.com\/fernstudium\/wellness-und-beauty-fachfrau.html\"><strong>Wellness + Beauty Fachfrau<\/strong><\/a>,<strong> <a title=\"Makeupartist lernen\" href=\"http:\/\/www.aesthetic-cosmetic.com\/fernstudium\/make-up-fachfraumann-visagistin.html\">Make-up Fachfrau\/Visagistin<\/a><\/strong>, <a title=\"Ausbildung Ern\u00e4hrung\" href=\"http:\/\/www.aesthetic-cosmetic.com\/fernstudium\/ernaehrungs-fachfraumann-food-coach.html\"><strong>Ern\u00e4hrungsfachfrau<\/strong><\/a> &#8230;<\/p>\n<p>&nbsp;<\/p>\n<figure id=\"attachment_1482\" aria-describedby=\"caption-attachment-1482\" style=\"width: 450px\" class=\"wp-caption aligncenter\"><a href=\"https:\/\/www.aesthetic-cosmetic.com\/blog\/wp-content\/uploads\/2015\/08\/a+c0341.jpg\"><img loading=\"lazy\" decoding=\"async\" class=\"size-large wp-image-1482\" title=\"a+c034\" src=\"https:\/\/www.aesthetic-cosmetic.com\/blog\/wp-content\/uploads\/2015\/08\/a+c0341-1024x682.jpg\" alt=\"\" width=\"450\" height=\"299\" srcset=\"https:\/\/www.aesthetic-cosmetic.com\/blog\/wp-content\/uploads\/2015\/08\/a+c0341-1024x682.jpg 1024w, https:\/\/www.aesthetic-cosmetic.com\/blog\/wp-content\/uploads\/2015\/08\/a+c0341-300x200.jpg 300w\" sizes=\"auto, (max-width: 450px) 100vw, 450px\" \/><\/a><figcaption id=\"caption-attachment-1482\" class=\"wp-caption-text\">Kosmetikerin werden bei a+c<\/figcaption><\/figure>\n<p>Das hei\u00dft, im <a title=\"Fernschule Beauty\" href=\"http:\/\/www.aesthetic-cosmetic.com\/fernstudium\/fernunterrichte-learning.html\"><strong>Fernstudium<\/strong><\/a> mit frischer Kraft die B\u00fccher w\u00e4lzen und im<a title=\"elearning beauty\" href=\"http:\/\/www.aesthetic-cosmetic.com\/fernstudium\/fernunterrichte-learning.html\"> <strong>Online-Lernen<\/strong><\/a> das Tablet oder den Computer wieder anschalten. Unsere <a href=\"http:\/\/e-learning.aesthetic-cosmetic.com\/login\/index.php\"><strong>e-Learning-Plattform f\u00fcr Beauty, Kosmetik und Wellness<\/strong><\/a> ist 24 Stunden &#8222;auf Sendung&#8220;.<\/p>\n<p>Kaum zu glauben aber wahr! Die Sommerferien sind im Bundesland Nordrhein-Westfalen bereits zu Ende und dies obwohl die &#8222;Hitzewelle&#8220; erst richtig angefangen hat. Wir merken es bereits, denn unsere etwas &#8222;verwaiste&#8220; e-Learning Plattform wird wieder lebendig.<\/p>\n","protected":false},"excerpt":{"rendered":"<p>Zur\u00fcck zur Ausbildung zur Kosmetikerin, Wellness + Beauty Fachfrau, Make-up Fachfrau\/Visagistin, Ern\u00e4hrungsfachfrau &#8230; &nbsp; Das hei\u00dft, im Fernstudium mit frischer Kraft die B\u00fccher w\u00e4lzen und im Online-Lernen das Tablet oder den Computer wieder anschalten. Unsere e-Learning-Plattform f\u00fcr Beauty, Kosmetik und Wellness ist 24 Stunden &#8222;auf Sendung&#8220;. Kaum zu glauben aber wahr! Die Sommerferien sind im [&hellip;]<\/p>\n","protected":false},"author":2,"featured_media":0,"comment_status":"open","ping_status":"open","sticky":false,"template":"","format":"standard","meta":{"footnotes":""},"categories":[1,41,57,3,42,7,27,59,13],"tags":[36,40,47,48,45,5,6,11,4,17,73,43,74,24,9,26,12,10,8,18],"class_list":["post-1480","post","type-post","status-publish","format-standard","hentry","category-allgemein","category-ausbildung","category-ernahrungs-fachfrau","category-fernunterricht","category-kosmetik","category-kosmetikerin","category-kurseseminare","category-visagismus-make-up","category-wellness","tag-ausbildung-zur-kosmetikerin","tag-diplomkosmetikerin","tag-ernahrungs-fachfraumann","tag-ernahrungsberaterin","tag-farb-und-stilberaterin","tag-fernlehrgang","tag-fernlehrgang-zur-kosmetikerin","tag-fernlehrgange","tag-fernlernen","tag-fernschule","tag-fernunterricht","tag-kosmetik-akademie","tag-kosmetikerin","tag-kosmetikschule","tag-make-up-fachfrau","tag-make-up-artist","tag-visagist","tag-visagistin","tag-wellness-beauty-fachfrau","tag-wellness-und-beauty-fachfrau"],"_links":{"self":[{"href":"https:\/\/www.aesthetic-cosmetic.com\/blog\/wp-json\/wp\/v2\/posts\/1480","targetHints":{"allow":["GET"]}}],"collection":[{"href":"https:\/\/www.aesthetic-cosmetic.com\/blog\/wp-json\/wp\/v2\/posts"}],"about":[{"href":"https:\/\/www.aesthetic-cosmetic.com\/blog\/wp-json\/wp\/v2\/types\/post"}],"author":[{"embeddable":true,"href":"https:\/\/www.aesthetic-cosmetic.com\/blog\/wp-json\/wp\/v2\/users\/2"}],"replies":[{"embeddable":true,"href":"https:\/\/www.aesthetic-cosmetic.com\/blog\/wp-json\/wp\/v2\/comments?post=1480"}],"version-history":[{"count":3,"href":"https:\/\/www.aesthetic-cosmetic.com\/blog\/wp-json\/wp\/v2\/posts\/1480\/revisions"}],"predecessor-version":[{"id":1484,"href":"https:\/\/www.aesthetic-cosmetic.com\/blog\/wp-json\/wp\/v2\/posts\/1480\/revisions\/1484"}],"wp:attachment":[{"href":"https:\/\/www.aesthetic-cosmetic.com\/blog\/wp-json\/wp\/v2\/media?parent=1480"}],"wp:term":[{"taxonomy":"category","embeddable":true,"href":"https:\/\/www.aesthetic-cosmetic.com\/blog\/wp-json\/wp\/v2\/categories?post=1480"},{"taxonomy":"post_tag","embeddable":true,"href":"https:\/\/www.aesthetic-cosmetic.com\/blog\/wp-json\/wp\/v2\/tags?post=1480"}],"curies":[{"name":"wp","href":"https:\/\/api.w.org\/{rel}","templated":true}]}}