{"id":1468,"date":"2015-07-30T17:35:00","date_gmt":"2015-07-30T15:35:00","guid":{"rendered":"http:\/\/www.aesthetic-cosmetic.com\/blog\/?p=1468"},"modified":"2015-07-30T17:35:00","modified_gmt":"2015-07-30T15:35:00","slug":"depiladora-lernen-oder-kosmetikerin-lernen","status":"publish","type":"post","link":"https:\/\/www.aesthetic-cosmetic.com\/blog\/2015\/07\/depiladora-lernen-oder-kosmetikerin-lernen\/","title":{"rendered":"Depiladora lernen oder Kosmetikerin lernen?"},"content":{"rendered":"<p>Immer wieder h\u00f6rt man, dass die Interessierten, die <a title=\"depiladora werden\" href=\"http:\/\/www.aesthetic-cosmetic.com\/kurse-seminare\/sugaring.html\"><strong>Depiladora werden<\/strong><\/a> m\u00f6chten, eine <a title=\"ausbildung kosmetikerin\" href=\"http:\/\/www.aesthetic-cosmetic.com\/fernstudium\/kosmetikerin.html\"><strong>Ausbildung zur Kosmetikerin<\/strong><\/a> vorweisen m\u00fcssen.<\/p>\n<p>Es ist nicht von der Hand zu weisen, dass die <a title=\"Kosmetikerin werden\" href=\"http:\/\/www.aesthetic-cosmetic.com\/fernstudium\/kosmetikerin.html\"><strong>Kosmetikerin<\/strong><\/a> mit dem Berufsbild der <a title=\"depiladora lernen\" href=\"http:\/\/www.aesthetic-cosmetic.com\/kurse-seminare\/depilation-clasique.html\"><strong>Depiladora<\/strong><\/a> in Zusammenhang steht, da sie in der Regel auch die <a title=\"haarentfernung lernen\" href=\"http:\/\/www.aesthetic-cosmetic.com\/kurse-seminare\/depilation-clasique.html\"><strong>langanhaltende Haarentfernung<\/strong><\/a> innerhalb ihres Sch\u00f6nheitsprogramms durchf\u00fchrt. Eine zwingende Vorschrift ist es aber nicht, dass die <a title=\"Depiladora ausbildung\" href=\"http:\/\/www.aesthetic-cosmetic.com\/kurse-seminare\/sugaring.html\"><strong>Depiladora<\/strong><\/a> zuerst <a title=\"Kosmetikerin lernen\" href=\"http:\/\/www.aesthetic-cosmetic.com\/fernstudium\/kosmetikerin.html\"><strong>Kometikerin lernen<\/strong><\/a> muss.<\/p>\n<p>Reine Enthaarungsstudios treten immer h\u00e4ufiger in den Gro\u00dfst\u00e4dten Europas und damit auch in Deutschland auf, sie sind &#8222;in&#8220;. Nackte Haut ist modern, egal ob am K\u00f6rper, an den Armen und Beinen und v.a. im Intimbereich. Denken Sie an das immer popul\u00e4rer werdende <a title=\"Brazilian-Waxing lernen\" href=\"http:\/\/www.aesthetic-cosmetic.com\/kurse-seminare\/sugaring\/intim-sugaring.html\"><strong>Brazilian-Waxing<\/strong><\/a> &#8222;Ganz Ohne&#8220; oder mit den &#8222;Superfrisuren&#8220; vom Landing-Strip bis zum Hollywood-Style.<\/p>\n<p>Die exzellente <a title=\"depiladora werden\" href=\"http:\/\/www.aesthetic-cosmetic.com\/kurse-seminare\/depilation-clasique.html\"><strong>Depiladora<\/strong><\/a> bietet ein weitgestreutes Angebot an langanhaltenden Haarentfernungsmethoden an: <a title=\"waxing lernen\" href=\"http:\/\/www.aesthetic-cosmetic.com\/kurse-seminare\/depilation-clasique.html\"><strong>Waxing<\/strong> <\/a>mit Kalt-, Warm- und Filmwachs, <a title=\"sugaring lernen\" href=\"http:\/\/www.aesthetic-cosmetic.com\/kurse-seminare\/sugaring.html\"><strong>Sugaring<\/strong><\/a> mit der <a title=\"zuckerpaste kaufen\" href=\"http:\/\/shop.depilation.de\/Depilation-Haarentfernung-mit-Wachs-Zuckerpaste-\/Sugaring-Zuckerpaste:::27_19.html\"><strong>Zuckerpaste<\/strong><\/a>, dem IPL und\/oder dem Laser. Darin unterscheidet sich das Enthaarungsstudio mit der Haarentfernungsspezialistin, der Depiladora, vom Kosmetikstudio mit der Kosmetikerin.<\/p>\n<figure id=\"attachment_1469\" aria-describedby=\"caption-attachment-1469\" style=\"width: 200px\" class=\"wp-caption aligncenter\"><a href=\"https:\/\/www.aesthetic-cosmetic.com\/blog\/wp-content\/uploads\/2015\/07\/Fotolia_63179420Waxing_M.jpg\"><img loading=\"lazy\" decoding=\"async\" class=\"size-medium wp-image-1469\" title=\"Woman Getting Thigh Massage\" src=\"https:\/\/www.aesthetic-cosmetic.com\/blog\/wp-content\/uploads\/2015\/07\/Fotolia_63179420Waxing_M-200x300.jpg\" alt=\"\" width=\"200\" height=\"300\" srcset=\"https:\/\/www.aesthetic-cosmetic.com\/blog\/wp-content\/uploads\/2015\/07\/Fotolia_63179420Waxing_M-200x300.jpg 200w, https:\/\/www.aesthetic-cosmetic.com\/blog\/wp-content\/uploads\/2015\/07\/Fotolia_63179420Waxing_M-683x1024.jpg 683w, https:\/\/www.aesthetic-cosmetic.com\/blog\/wp-content\/uploads\/2015\/07\/Fotolia_63179420Waxing_M.jpg 1126w\" sizes=\"auto, (max-width: 200px) 100vw, 200px\" \/><\/a><figcaption id=\"caption-attachment-1469\" class=\"wp-caption-text\">Waxing aus fotalia_63179420<\/figcaption><\/figure>\n<p>Bei <a title=\"aesthetic + cosmetic\" href=\"http:\/\/www.aesthetic-cosmetic.com\/das-unternehmen.html\"><strong>aesthetic + cosmetic<\/strong><\/a> k\u00f6nnen Sie beides lernen. Lassen Sie sich von uns beraten: <strong>+49 (0)7668 99512-0<\/strong>.<\/p>\n","protected":false},"excerpt":{"rendered":"<p>Immer wieder h\u00f6rt man, dass die Interessierten, die Depiladora werden m\u00f6chten, eine Ausbildung zur Kosmetikerin vorweisen m\u00fcssen. Es ist nicht von der Hand zu weisen, dass die Kosmetikerin mit dem Berufsbild der Depiladora in Zusammenhang steht, da sie in der Regel auch die langanhaltende Haarentfernung innerhalb ihres Sch\u00f6nheitsprogramms durchf\u00fchrt. Eine zwingende Vorschrift ist es aber [&hellip;]<\/p>\n","protected":false},"author":2,"featured_media":0,"comment_status":"open","ping_status":"open","sticky":false,"template":"","format":"standard","meta":{"footnotes":""},"categories":[1,41,72,53,42,7,27,13],"tags":[36,22,50,20,23,40,6,35,51,43,74,24,21,34,8,18],"class_list":["post-1468","post","type-post","status-publish","format-standard","hentry","category-allgemein","category-ausbildung","category-depiladora","category-depilation-haarentfernung","category-kosmetik","category-kosmetikerin","category-kurseseminare","category-wellness","tag-ausbildung-zur-kosmetikerin","tag-body-sugaring","tag-brazilian-waxing","tag-dauerhafte-haarentfernung","tag-depilation","tag-diplomkosmetikerin","tag-fernlehrgang-zur-kosmetikerin","tag-haarentfernungswachs","tag-intim-enthaarung","tag-kosmetik-akademie","tag-kosmetikerin","tag-kosmetikschule","tag-sugaring","tag-waxing","tag-wellness-beauty-fachfrau","tag-wellness-und-beauty-fachfrau"],"_links":{"self":[{"href":"https:\/\/www.aesthetic-cosmetic.com\/blog\/wp-json\/wp\/v2\/posts\/1468","targetHints":{"allow":["GET"]}}],"collection":[{"href":"https:\/\/www.aesthetic-cosmetic.com\/blog\/wp-json\/wp\/v2\/posts"}],"about":[{"href":"https:\/\/www.aesthetic-cosmetic.com\/blog\/wp-json\/wp\/v2\/types\/post"}],"author":[{"embeddable":true,"href":"https:\/\/www.aesthetic-cosmetic.com\/blog\/wp-json\/wp\/v2\/users\/2"}],"replies":[{"embeddable":true,"href":"https:\/\/www.aesthetic-cosmetic.com\/blog\/wp-json\/wp\/v2\/comments?post=1468"}],"version-history":[{"count":2,"href":"https:\/\/www.aesthetic-cosmetic.com\/blog\/wp-json\/wp\/v2\/posts\/1468\/revisions"}],"predecessor-version":[{"id":1474,"href":"https:\/\/www.aesthetic-cosmetic.com\/blog\/wp-json\/wp\/v2\/posts\/1468\/revisions\/1474"}],"wp:attachment":[{"href":"https:\/\/www.aesthetic-cosmetic.com\/blog\/wp-json\/wp\/v2\/media?parent=1468"}],"wp:term":[{"taxonomy":"category","embeddable":true,"href":"https:\/\/www.aesthetic-cosmetic.com\/blog\/wp-json\/wp\/v2\/categories?post=1468"},{"taxonomy":"post_tag","embeddable":true,"href":"https:\/\/www.aesthetic-cosmetic.com\/blog\/wp-json\/wp\/v2\/tags?post=1468"}],"curies":[{"name":"wp","href":"https:\/\/api.w.org\/{rel}","templated":true}]}}