{"id":1464,"date":"2015-07-28T16:05:58","date_gmt":"2015-07-28T14:05:58","guid":{"rendered":"http:\/\/www.aesthetic-cosmetic.com\/blog\/?p=1464"},"modified":"2015-07-28T16:05:58","modified_gmt":"2015-07-28T14:05:58","slug":"kosmetik-lernen-und-verkaufen","status":"publish","type":"post","link":"https:\/\/www.aesthetic-cosmetic.com\/blog\/2015\/07\/kosmetik-lernen-und-verkaufen\/","title":{"rendered":"Kosmetik lernen und verkaufen!"},"content":{"rendered":"<p>An alle, die an unserer <a title=\"Ausbildung zur Kosmetikerin\" href=\"http:\/\/www.aesthetic-cosmetic.com\/fernstudium\/kosmetikerin.html\"><strong>Ausbildung zur Kosmetikerin<\/strong><\/a> teilnehmen, und die mit unseren <a title=\"Kosmetik kaufen\" href=\"http:\/\/shop.depilation.de\/Antidepilation-Pflegeserie-Brauen-Wimpernfarbe-\/PFLEGEPRODUKTE-BIOSMOS:::24_30.html\"><strong>kosmetischen Produkten <\/strong><\/a>arbeiten und diese auch verkaufen:<\/p>\n<p>Die <a title=\"Gesichtspflegemaske kaufen\" href=\"http:\/\/shop.depilation.de\/Antidepilation-Pflegeserie-Brauen-Wimpernfarbe-\/PFLEGEPRODUKTE-BIOSMOS\/GESICHTSPFLEGE-LEICHT-EMPFINDLICHE-NORMALE-BIS-FETTE-HAUT-HAUT-MIT-AKNE\/Ton-Maske-Osmocomplex-100-ml::216.html\"><strong>Gesichtspflegemaske, &#8222;Machera all&#8217;Argilla&#8220;, die Ton-Maske<\/strong><\/a>, Artikel Nr. OCN109, aus der Pflegeserie &#8222;Osmocomplex&#8220; ist neu im Programm.<\/p>\n<figure id=\"attachment_1465\" aria-describedby=\"caption-attachment-1465\" style=\"width: 270px\" class=\"wp-caption aligncenter\"><a href=\"https:\/\/www.aesthetic-cosmetic.com\/blog\/wp-content\/uploads\/2015\/07\/OCN109.jpg\"><img loading=\"lazy\" decoding=\"async\" class=\"size-medium wp-image-1465\" title=\"OCN109\" src=\"https:\/\/www.aesthetic-cosmetic.com\/blog\/wp-content\/uploads\/2015\/07\/OCN109-270x300.jpg\" alt=\"\" width=\"270\" height=\"300\" srcset=\"https:\/\/www.aesthetic-cosmetic.com\/blog\/wp-content\/uploads\/2015\/07\/OCN109-270x300.jpg 270w, https:\/\/www.aesthetic-cosmetic.com\/blog\/wp-content\/uploads\/2015\/07\/OCN109-924x1024.jpg 924w, https:\/\/www.aesthetic-cosmetic.com\/blog\/wp-content\/uploads\/2015\/07\/OCN109.jpg 1001w\" sizes=\"auto, (max-width: 270px) 100vw, 270px\" \/><\/a><figcaption id=\"caption-attachment-1465\" class=\"wp-caption-text\">Wei\u00dfe Ton Maske aus der Serie Osmocomplex<\/figcaption><\/figure>\n<p>Ideal f\u00fcr die Behandlung normaler, leicht fetter und \u00f6liger Hautzustande mit verst\u00e4rkter Talgabsonderung und unreiner Haut. Die Maske absorbiert Talgbestandteile und Toxine und remineralisiert die Haut mit Hilfe der wei\u00dfen kationenreiche Tonerde.<\/p>\n<p>Aktive Wirkstoffe sind wei\u00dfer Ton, Wacholder\u00f6l, Salbeiextrakt, Vitamin F etc.<\/p>\n<p>&nbsp;<\/p>\n","protected":false},"excerpt":{"rendered":"<p>An alle, die an unserer Ausbildung zur Kosmetikerin teilnehmen, und die mit unseren kosmetischen Produkten arbeiten und diese auch verkaufen: Die Gesichtspflegemaske, &#8222;Machera all&#8217;Argilla&#8220;, die Ton-Maske, Artikel Nr. OCN109, aus der Pflegeserie &#8222;Osmocomplex&#8220; ist neu im Programm. Ideal f\u00fcr die Behandlung normaler, leicht fetter und \u00f6liger Hautzustande mit verst\u00e4rkter Talgabsonderung und unreiner Haut. Die Maske [&hellip;]<\/p>\n","protected":false},"author":2,"featured_media":0,"comment_status":"open","ping_status":"open","sticky":false,"template":"","format":"standard","meta":{"footnotes":""},"categories":[1,41,42,7,69],"tags":[36,40,6,43,74,24,8,18],"class_list":["post-1464","post","type-post","status-publish","format-standard","hentry","category-allgemein","category-ausbildung","category-kosmetik","category-kosmetikerin","category-kosmetische-pflegeprodukte","tag-ausbildung-zur-kosmetikerin","tag-diplomkosmetikerin","tag-fernlehrgang-zur-kosmetikerin","tag-kosmetik-akademie","tag-kosmetikerin","tag-kosmetikschule","tag-wellness-beauty-fachfrau","tag-wellness-und-beauty-fachfrau"],"_links":{"self":[{"href":"https:\/\/www.aesthetic-cosmetic.com\/blog\/wp-json\/wp\/v2\/posts\/1464","targetHints":{"allow":["GET"]}}],"collection":[{"href":"https:\/\/www.aesthetic-cosmetic.com\/blog\/wp-json\/wp\/v2\/posts"}],"about":[{"href":"https:\/\/www.aesthetic-cosmetic.com\/blog\/wp-json\/wp\/v2\/types\/post"}],"author":[{"embeddable":true,"href":"https:\/\/www.aesthetic-cosmetic.com\/blog\/wp-json\/wp\/v2\/users\/2"}],"replies":[{"embeddable":true,"href":"https:\/\/www.aesthetic-cosmetic.com\/blog\/wp-json\/wp\/v2\/comments?post=1464"}],"version-history":[{"count":2,"href":"https:\/\/www.aesthetic-cosmetic.com\/blog\/wp-json\/wp\/v2\/posts\/1464\/revisions"}],"predecessor-version":[{"id":1467,"href":"https:\/\/www.aesthetic-cosmetic.com\/blog\/wp-json\/wp\/v2\/posts\/1464\/revisions\/1467"}],"wp:attachment":[{"href":"https:\/\/www.aesthetic-cosmetic.com\/blog\/wp-json\/wp\/v2\/media?parent=1464"}],"wp:term":[{"taxonomy":"category","embeddable":true,"href":"https:\/\/www.aesthetic-cosmetic.com\/blog\/wp-json\/wp\/v2\/categories?post=1464"},{"taxonomy":"post_tag","embeddable":true,"href":"https:\/\/www.aesthetic-cosmetic.com\/blog\/wp-json\/wp\/v2\/tags?post=1464"}],"curies":[{"name":"wp","href":"https:\/\/api.w.org\/{rel}","templated":true}]}}