{"id":1427,"date":"2015-05-13T17:03:26","date_gmt":"2015-05-13T15:03:26","guid":{"rendered":"http:\/\/www.aesthetic-cosmetic.com\/blog\/?p=1427"},"modified":"2015-05-13T17:05:54","modified_gmt":"2015-05-13T15:05:54","slug":"farb-und-stilberatung-lernen","status":"publish","type":"post","link":"https:\/\/www.aesthetic-cosmetic.com\/blog\/2015\/05\/farb-und-stilberatung-lernen\/","title":{"rendered":"Farb- und Stilberatung lernen!"},"content":{"rendered":"<p>Ein Berufsbild ist wieder in Mode gekommen, die <a title=\"ausbildung farb und stilberaterin\" href=\"http:\/\/www.aesthetic-cosmetic.com\/fernstudium\/farb-stil-und-imageberaterin.html\"><strong>Ausbildung zur Farb- und Stilberaterin<\/strong><\/a> bzw. <strong><a title=\"color style image consultant werden\" href=\"http:\/\/www.aesthetic-cosmetic.com\/fernstudium\/farb-stil-und-imageberaterin.html\">Colour and Style Consultant<\/a><\/strong>.<\/p>\n<p>aesthetic + cosmetic&#8217;s\u00a0 <a title=\"Kosmetikschule\" href=\"http:\/\/www.aesthetic-cosmetic.com\/fernstudium\/kosmetikerin.html\"><strong>Kosmetikschule<\/strong><\/a> hat die Ausbildung um wesentliche Komponenten erweitert und bietet ein <a title=\"farb stilberatung\" href=\"http:\/\/www.aesthetic-cosmetic.com\/fernstudium\/farb-stil-und-imageberaterin.html\"><strong>Fernstudium bzw. e-Learning mit Pr\u00e4senzphasen zur Farb Stil und Imageberaterin<\/strong><\/a> an.<\/p>\n<p>&nbsp;<\/p>\n<figure id=\"attachment_1428\" aria-describedby=\"caption-attachment-1428\" style=\"width: 450px\" class=\"wp-caption aligncenter\"><a href=\"https:\/\/www.aesthetic-cosmetic.com\/blog\/wp-content\/uploads\/2015\/05\/20150508FarbStil.jpg\"><img loading=\"lazy\" decoding=\"async\" class=\"size-large wp-image-1428\" title=\"20150508FarbStil\" src=\"https:\/\/www.aesthetic-cosmetic.com\/blog\/wp-content\/uploads\/2015\/05\/20150508FarbStil-1024x768.jpg\" alt=\"\" width=\"450\" height=\"337\" srcset=\"https:\/\/www.aesthetic-cosmetic.com\/blog\/wp-content\/uploads\/2015\/05\/20150508FarbStil-1024x768.jpg 1024w, https:\/\/www.aesthetic-cosmetic.com\/blog\/wp-content\/uploads\/2015\/05\/20150508FarbStil-300x225.jpg 300w\" sizes=\"auto, (max-width: 450px) 100vw, 450px\" \/><\/a><figcaption id=\"caption-attachment-1428\" class=\"wp-caption-text\">Farb und Stilberaterin lernen<\/figcaption><\/figure>\n<p>Diese offizielle Weiterbildungsma\u00dfnahme ist f\u00fcr jede Person unabdingbar, die in der Branche der Beauty t\u00e4tig ist oder werden m\u00f6chte. Die Themen im Seminar zu Farb, Stil und Image beruhen auf wesentlichen Erkenntnissen und daraus resultierenden Erscheinungsbildern, die auf farblich und stilistischen Grundkenntissen aufbauen. Erst wer diese Grundlagen kennt, kann sein Kunden so stylen, dass sie Erfolg im Beruf und im Privatleben haben k\u00f6nnen.<\/p>\n","protected":false},"excerpt":{"rendered":"<p>Ein Berufsbild ist wieder in Mode gekommen, die Ausbildung zur Farb- und Stilberaterin bzw. Colour and Style Consultant. aesthetic + cosmetic&#8217;s\u00a0 Kosmetikschule hat die Ausbildung um wesentliche Komponenten erweitert und bietet ein Fernstudium bzw. e-Learning mit Pr\u00e4senzphasen zur Farb Stil und Imageberaterin an. &nbsp; Diese offizielle Weiterbildungsma\u00dfnahme ist f\u00fcr jede Person unabdingbar, die in der [&hellip;]<\/p>\n","protected":false},"author":2,"featured_media":0,"comment_status":"open","ping_status":"open","sticky":false,"template":"","format":"standard","meta":{"footnotes":""},"categories":[41,3,42,27,59,13],"tags":[36,45,5,6,11,4,17,73,43,74,24,9,26,25,63,12,10],"class_list":["post-1427","post","type-post","status-publish","format-standard","hentry","category-ausbildung","category-fernunterricht","category-kosmetik","category-kurseseminare","category-visagismus-make-up","category-wellness","tag-ausbildung-zur-kosmetikerin","tag-farb-und-stilberaterin","tag-fernlehrgang","tag-fernlehrgang-zur-kosmetikerin","tag-fernlehrgange","tag-fernlernen","tag-fernschule","tag-fernunterricht","tag-kosmetik-akademie","tag-kosmetikerin","tag-kosmetikschule","tag-make-up-fachfrau","tag-make-up-artist","tag-maskenbildner","tag-shireen-make-up","tag-visagist","tag-visagistin"],"_links":{"self":[{"href":"https:\/\/www.aesthetic-cosmetic.com\/blog\/wp-json\/wp\/v2\/posts\/1427","targetHints":{"allow":["GET"]}}],"collection":[{"href":"https:\/\/www.aesthetic-cosmetic.com\/blog\/wp-json\/wp\/v2\/posts"}],"about":[{"href":"https:\/\/www.aesthetic-cosmetic.com\/blog\/wp-json\/wp\/v2\/types\/post"}],"author":[{"embeddable":true,"href":"https:\/\/www.aesthetic-cosmetic.com\/blog\/wp-json\/wp\/v2\/users\/2"}],"replies":[{"embeddable":true,"href":"https:\/\/www.aesthetic-cosmetic.com\/blog\/wp-json\/wp\/v2\/comments?post=1427"}],"version-history":[{"count":4,"href":"https:\/\/www.aesthetic-cosmetic.com\/blog\/wp-json\/wp\/v2\/posts\/1427\/revisions"}],"predecessor-version":[{"id":1430,"href":"https:\/\/www.aesthetic-cosmetic.com\/blog\/wp-json\/wp\/v2\/posts\/1427\/revisions\/1430"}],"wp:attachment":[{"href":"https:\/\/www.aesthetic-cosmetic.com\/blog\/wp-json\/wp\/v2\/media?parent=1427"}],"wp:term":[{"taxonomy":"category","embeddable":true,"href":"https:\/\/www.aesthetic-cosmetic.com\/blog\/wp-json\/wp\/v2\/categories?post=1427"},{"taxonomy":"post_tag","embeddable":true,"href":"https:\/\/www.aesthetic-cosmetic.com\/blog\/wp-json\/wp\/v2\/tags?post=1427"}],"curies":[{"name":"wp","href":"https:\/\/api.w.org\/{rel}","templated":true}]}}