{"id":1412,"date":"2015-05-02T20:45:20","date_gmt":"2015-05-02T18:45:20","guid":{"rendered":"http:\/\/www.aesthetic-cosmetic.com\/blog\/?p=1412"},"modified":"2015-05-02T20:45:20","modified_gmt":"2015-05-02T18:45:20","slug":"adaptives-learning-in-kosmetik-und-wellness","status":"publish","type":"post","link":"https:\/\/www.aesthetic-cosmetic.com\/blog\/2015\/05\/adaptives-learning-in-kosmetik-und-wellness\/","title":{"rendered":"adaptives Learning in Kosmetik und Wellness"},"content":{"rendered":"<p>Laut Befragung des MMB, Institut f\u00fcr Medien- und Kompetenzforschung, sind die Trends in der betrieblichen Weiterbildung, also auch in der <a title=\"ausbildung kosmetikerin online\" href=\"http:\/\/www.aesthetic-cosmetic.com\/fernstudium\/kosmetikerin.html\"><strong>Weiterbildung in Beauty<\/strong><\/a> und <a title=\"weiterbildung wellness\" href=\"http:\/\/www.aesthetic-cosmetic.com\/fernstudium\/wellness-und-beauty-fachfrau.html\"><strong>Wellness<\/strong><\/a>, durch &#8222;adaptives Learning&#8220; gepr\u00e4gt.<\/p>\n<p>Adapatives Learning ist eine Weiterentwicklung des Online-Lernens, das flexibel auf die Bed\u00fcrfnisse und Kenntnisse des Nutzers eingeht und ihn individuell unterst\u00fctzt. Dieser \u00e4u\u00dferst wirksame Lernprozess kann im Praxisunterricht bei <a title=\"kosmetikschule\" href=\"http:\/\/www.aesthetic-cosmetic.com\/\"><strong>aesthetic + cosmetic<\/strong><\/a>, z.B. bei der <a title=\"Ausbildung wellness online\" href=\"http:\/\/www.aesthetic-cosmetic.com\/fernstudium\/wellness-und-beauty-fachfrau.html\"><strong>Ausbildung in Wellness<\/strong><\/a>, in kleinen Lerngruppen, verwirklicht werden. Nach dem MBB ist diese Form des Lernens, das blended Learning, die Mischung aus traditionellen und computergest\u00fctzten Lernabgeboten, zur Zeit die wichtigste realisierbare moderne Lernform.<\/p>\n<p>Nehmen Sie an unseren Angeboten zur <a title=\"Ausbildung make-up online\" href=\"http:\/\/www.aesthetic-cosmetic.com\/fernstudium\/make-up-fachfraumann-visagistin.html\"><strong>Aus- und Weiterbildung in Kosmetik<\/strong><\/a> und <a title=\"onlinelernen wellness\" href=\"http:\/\/www.aesthetic-cosmetic.com\/fernstudium\/wellness-und-beauty-fachfrau.html\"><strong>Wellness<\/strong><\/a> \u00fcber blended Learning teil. Info auf <a title=\"ausbildung kosmetik\" href=\"http:\/\/www.aesthetic-cosmetic.com\/\"><strong>aesthetic-cosmetic.com<\/strong><\/a> oder individuelle Fragen \u00fcber info@aesthetic-cosmetic.com und Hotline 07668 99512-0.<\/p>\n<p>Wie das adaptive Learning im reinen e-Learning-Bereich aussehen wird, das wird uns die Zukunft zeigen. Sicher auch bald bei uns !!!<\/p>\n","protected":false},"excerpt":{"rendered":"<p>Laut Befragung des MMB, Institut f\u00fcr Medien- und Kompetenzforschung, sind die Trends in der betrieblichen Weiterbildung, also auch in der Weiterbildung in Beauty und Wellness, durch &#8222;adaptives Learning&#8220; gepr\u00e4gt. Adapatives Learning ist eine Weiterentwicklung des Online-Lernens, das flexibel auf die Bed\u00fcrfnisse und Kenntnisse des Nutzers eingeht und ihn individuell unterst\u00fctzt. Dieser \u00e4u\u00dferst wirksame Lernprozess kann [&hellip;]<\/p>\n","protected":false},"author":2,"featured_media":0,"comment_status":"open","ping_status":"open","sticky":false,"template":"","format":"standard","meta":{"footnotes":""},"categories":[1,41,3,42,7,27,59,13],"tags":[36,40,5,6,11,4,17,73,43,74,24,9,25,12,10,8,18],"class_list":["post-1412","post","type-post","status-publish","format-standard","hentry","category-allgemein","category-ausbildung","category-fernunterricht","category-kosmetik","category-kosmetikerin","category-kurseseminare","category-visagismus-make-up","category-wellness","tag-ausbildung-zur-kosmetikerin","tag-diplomkosmetikerin","tag-fernlehrgang","tag-fernlehrgang-zur-kosmetikerin","tag-fernlehrgange","tag-fernlernen","tag-fernschule","tag-fernunterricht","tag-kosmetik-akademie","tag-kosmetikerin","tag-kosmetikschule","tag-make-up-fachfrau","tag-maskenbildner","tag-visagist","tag-visagistin","tag-wellness-beauty-fachfrau","tag-wellness-und-beauty-fachfrau"],"_links":{"self":[{"href":"https:\/\/www.aesthetic-cosmetic.com\/blog\/wp-json\/wp\/v2\/posts\/1412","targetHints":{"allow":["GET"]}}],"collection":[{"href":"https:\/\/www.aesthetic-cosmetic.com\/blog\/wp-json\/wp\/v2\/posts"}],"about":[{"href":"https:\/\/www.aesthetic-cosmetic.com\/blog\/wp-json\/wp\/v2\/types\/post"}],"author":[{"embeddable":true,"href":"https:\/\/www.aesthetic-cosmetic.com\/blog\/wp-json\/wp\/v2\/users\/2"}],"replies":[{"embeddable":true,"href":"https:\/\/www.aesthetic-cosmetic.com\/blog\/wp-json\/wp\/v2\/comments?post=1412"}],"version-history":[{"count":2,"href":"https:\/\/www.aesthetic-cosmetic.com\/blog\/wp-json\/wp\/v2\/posts\/1412\/revisions"}],"predecessor-version":[{"id":1414,"href":"https:\/\/www.aesthetic-cosmetic.com\/blog\/wp-json\/wp\/v2\/posts\/1412\/revisions\/1414"}],"wp:attachment":[{"href":"https:\/\/www.aesthetic-cosmetic.com\/blog\/wp-json\/wp\/v2\/media?parent=1412"}],"wp:term":[{"taxonomy":"category","embeddable":true,"href":"https:\/\/www.aesthetic-cosmetic.com\/blog\/wp-json\/wp\/v2\/categories?post=1412"},{"taxonomy":"post_tag","embeddable":true,"href":"https:\/\/www.aesthetic-cosmetic.com\/blog\/wp-json\/wp\/v2\/tags?post=1412"}],"curies":[{"name":"wp","href":"https:\/\/api.w.org\/{rel}","templated":true}]}}