{"id":1402,"date":"2015-04-29T09:48:35","date_gmt":"2015-04-29T07:48:35","guid":{"rendered":"http:\/\/www.aesthetic-cosmetic.com\/blog\/?p=1402"},"modified":"2015-04-29T09:48:35","modified_gmt":"2015-04-29T07:48:35","slug":"make-up-artist-werden","status":"publish","type":"post","link":"https:\/\/www.aesthetic-cosmetic.com\/blog\/2015\/04\/make-up-artist-werden\/","title":{"rendered":"Make-up Artist werden!"},"content":{"rendered":"<p>Am Samstag ist es wieder so weit. Das erste von drei Praxissminaren, das <a title=\"Schminken lernen\" href=\"http:\/\/www.aesthetic-cosmetic.com\/kurse-seminare\/visagismus\/visagismus-grundseminar.html\"><strong>Visagismus-Grundseminar<\/strong><\/a>, f\u00fcr alle, die <a title=\"Makeupartist lernen\" href=\"http:\/\/www.aesthetic-cosmetic.com\/fernstudium\/make-up-fachfraumann-visagistin.html\"><strong>Make-up Fachfrau bzw. Visagist lernen<\/strong><\/a>, beginnt diesen Samstag. Die weiteren Seminare zu den Themen <a title=\"Visagist werden\" href=\"http:\/\/www.aesthetic-cosmetic.com\/kurse-seminare\/visagismus\/visagistin-erweiterungsseminar.html\"><strong>Visagistin-Erweiterungsseminar<\/strong><\/a> und <a title=\"Farb und Stilberaterin werden\" href=\"http:\/\/www.aesthetic-cosmetic.com\/fernstudium\/farb-stil-und-imageberaterin.html\"><strong>Farb- und Stilberatung<\/strong><\/a> finden im Anschluss statt.<\/p>\n<p>Alles was im Fernlehrgang bzw. e-Learning innerhalb 10 Monaten erarbeitet wurde, wird jetzt erg\u00e4nzt, vertieft und praktisch angewendet. Das Resultat soll hei\u00dfen: Make-up in Pefektion, f\u00fcr den privaten und professionellen Auftritt!<\/p>\n<figure id=\"attachment_1403\" aria-describedby=\"caption-attachment-1403\" style=\"width: 450px\" class=\"wp-caption aligncenter\"><a href=\"https:\/\/www.aesthetic-cosmetic.com\/blog\/wp-content\/uploads\/2015\/04\/a+c046.jpg\"><img loading=\"lazy\" decoding=\"async\" class=\"size-large wp-image-1403\" title=\"a+c046\" src=\"https:\/\/www.aesthetic-cosmetic.com\/blog\/wp-content\/uploads\/2015\/04\/a+c046-1024x682.jpg\" alt=\"\" width=\"450\" height=\"299\" srcset=\"https:\/\/www.aesthetic-cosmetic.com\/blog\/wp-content\/uploads\/2015\/04\/a+c046-1024x682.jpg 1024w, https:\/\/www.aesthetic-cosmetic.com\/blog\/wp-content\/uploads\/2015\/04\/a+c046-300x200.jpg 300w\" sizes=\"auto, (max-width: 450px) 100vw, 450px\" \/><\/a><figcaption id=\"caption-attachment-1403\" class=\"wp-caption-text\">shireen&#39;s make-up<\/figcaption><\/figure>\n<p>Wer Interesse hat und ebenfalls von diesem wundersch\u00f6nen Beruf tr\u00e4umt: Unsere zertifizierte und staatlich zugelassene <a title=\"Fernstudium Make-up\" href=\"http:\/\/www.aesthetic-cosmetic.com\/fernstudium\/make-up-fachfraumann-visagistin.html\"><strong>Ausbildung zur Make-up Fachfrau\/Visagistin<\/strong><\/a> kann \u00fcber das Fernstudium oder das Online-Lernen jederzeit nebenberuflich begonnen werden. Die Praxisseminare finden in regelm\u00e4\u00dfigen Abst\u00e4nden statt.<\/p>\n","protected":false},"excerpt":{"rendered":"<p>Am Samstag ist es wieder so weit. Das erste von drei Praxissminaren, das Visagismus-Grundseminar, f\u00fcr alle, die Make-up Fachfrau bzw. Visagist lernen, beginnt diesen Samstag. Die weiteren Seminare zu den Themen Visagistin-Erweiterungsseminar und Farb- und Stilberatung finden im Anschluss statt. Alles was im Fernlehrgang bzw. e-Learning innerhalb 10 Monaten erarbeitet wurde, wird jetzt erg\u00e4nzt, vertieft [&hellip;]<\/p>\n","protected":false},"author":2,"featured_media":0,"comment_status":"open","ping_status":"open","sticky":false,"template":"","format":"standard","meta":{"footnotes":""},"categories":[1,41,3,42,27,64,59],"tags":[45,5,11,4,17,73,43,74,24,9,26,25,63,12,10],"class_list":["post-1402","post","type-post","status-publish","format-standard","hentry","category-allgemein","category-ausbildung","category-fernunterricht","category-kosmetik","category-kurseseminare","category-shireen","category-visagismus-make-up","tag-farb-und-stilberaterin","tag-fernlehrgang","tag-fernlehrgange","tag-fernlernen","tag-fernschule","tag-fernunterricht","tag-kosmetik-akademie","tag-kosmetikerin","tag-kosmetikschule","tag-make-up-fachfrau","tag-make-up-artist","tag-maskenbildner","tag-shireen-make-up","tag-visagist","tag-visagistin"],"_links":{"self":[{"href":"https:\/\/www.aesthetic-cosmetic.com\/blog\/wp-json\/wp\/v2\/posts\/1402","targetHints":{"allow":["GET"]}}],"collection":[{"href":"https:\/\/www.aesthetic-cosmetic.com\/blog\/wp-json\/wp\/v2\/posts"}],"about":[{"href":"https:\/\/www.aesthetic-cosmetic.com\/blog\/wp-json\/wp\/v2\/types\/post"}],"author":[{"embeddable":true,"href":"https:\/\/www.aesthetic-cosmetic.com\/blog\/wp-json\/wp\/v2\/users\/2"}],"replies":[{"embeddable":true,"href":"https:\/\/www.aesthetic-cosmetic.com\/blog\/wp-json\/wp\/v2\/comments?post=1402"}],"version-history":[{"count":2,"href":"https:\/\/www.aesthetic-cosmetic.com\/blog\/wp-json\/wp\/v2\/posts\/1402\/revisions"}],"predecessor-version":[{"id":1405,"href":"https:\/\/www.aesthetic-cosmetic.com\/blog\/wp-json\/wp\/v2\/posts\/1402\/revisions\/1405"}],"wp:attachment":[{"href":"https:\/\/www.aesthetic-cosmetic.com\/blog\/wp-json\/wp\/v2\/media?parent=1402"}],"wp:term":[{"taxonomy":"category","embeddable":true,"href":"https:\/\/www.aesthetic-cosmetic.com\/blog\/wp-json\/wp\/v2\/categories?post=1402"},{"taxonomy":"post_tag","embeddable":true,"href":"https:\/\/www.aesthetic-cosmetic.com\/blog\/wp-json\/wp\/v2\/tags?post=1402"}],"curies":[{"name":"wp","href":"https:\/\/api.w.org\/{rel}","templated":true}]}}