{"id":1387,"date":"2015-04-25T15:25:09","date_gmt":"2015-04-25T13:25:09","guid":{"rendered":"http:\/\/www.aesthetic-cosmetic.com\/blog\/?p=1387"},"modified":"2015-04-25T15:25:09","modified_gmt":"2015-04-25T13:25:09","slug":"kosmetik-lernen-und-kosmetik-verkaufen","status":"publish","type":"post","link":"https:\/\/www.aesthetic-cosmetic.com\/blog\/2015\/04\/kosmetik-lernen-und-kosmetik-verkaufen\/","title":{"rendered":"Kosmetik lernen und Kosmetik verkaufen"},"content":{"rendered":"<p>Die Teilnahme an der Beauty D\u00fcsseldorf, Ende M\u00e4rz 2015, hat sich voll gelohnt.<\/p>\n<p><a href=\"https:\/\/www.aesthetic-cosmetic.com\/blog\/wp-content\/uploads\/2015\/04\/MessestamdA+C2.jpg\"><img loading=\"lazy\" decoding=\"async\" class=\"aligncenter size-large wp-image-1388\" title=\"MessestamdA+C2\" src=\"https:\/\/www.aesthetic-cosmetic.com\/blog\/wp-content\/uploads\/2015\/04\/MessestamdA+C2-1024x768.jpg\" alt=\"\" width=\"450\" height=\"337\" srcset=\"https:\/\/www.aesthetic-cosmetic.com\/blog\/wp-content\/uploads\/2015\/04\/MessestamdA+C2-1024x768.jpg 1024w, https:\/\/www.aesthetic-cosmetic.com\/blog\/wp-content\/uploads\/2015\/04\/MessestamdA+C2-300x225.jpg 300w\" sizes=\"auto, (max-width: 450px) 100vw, 450px\" \/><\/a><\/p>\n<p>Die Besucherzahl unseres &#8222;Enthaarungsstandes&#8220;\u00a0 erh\u00f6hte sich gegen\u00fcber dem letzten Jahr erheblich. Dies lag nicht nur an der allgemein h\u00f6heren Besucherzahl, sondern v.a. an unserem neu entworfenen Stand und unseren neuen Angeboten in den Bereichen: <a title=\"Haarentfernung kaufen\" href=\"http:\/\/www.shop.depilation.de\/\"><strong>Haarentfernungssrodukte kaufen<\/strong><\/a> und <a title=\"Sugaring lernen\" href=\"http:\/\/www.aesthetic-cosmetic.com\/kurse-seminare\/sugaring.html\"><strong>langfristige Haarentfernung lernen<\/strong><\/a>.<\/p>\n<p>Neben den professionellen Kosmetikerinnen, Wellnessexperten und Visagisten besuchten uns auch viele Interessierte, die die <a title=\"ausbildung kosmetikerin\" href=\"http:\/\/www.aesthetic-cosmetic.com\/fernstudium\/kosmetikerin.html\"><strong>Ausbildung zur Kosmetikerin<\/strong><\/a>, zur <strong><a title=\"ausbildung wellness\" href=\"http:\/\/www.aesthetic-cosmetic.com\/fernstudium\/wellness-und-beauty-fachfrau.html\">Wellnessfachfrau<\/a> <\/strong>oder zur <a title=\"ausbildung make-up\" href=\"http:\/\/www.aesthetic-cosmetic.com\/fernstudium\/make-up-fachfraumann-visagistin.html\"><strong>Visagistin<\/strong> <\/a>nebenberuflich bei uns lernen m\u00f6chten.<\/p>\n<p>Fazit: Eine gelungene Darstellung unseres Dienstleistungsangebotes in Beauty, Wellness und Gesundheitsvorbeugung!<\/p>\n<p>&nbsp;<\/p>\n<p>&nbsp;<\/p>\n","protected":false},"excerpt":{"rendered":"<p>Die Teilnahme an der Beauty D\u00fcsseldorf, Ende M\u00e4rz 2015, hat sich voll gelohnt. Die Besucherzahl unseres &#8222;Enthaarungsstandes&#8220;\u00a0 erh\u00f6hte sich gegen\u00fcber dem letzten Jahr erheblich. Dies lag nicht nur an der allgemein h\u00f6heren Besucherzahl, sondern v.a. an unserem neu entworfenen Stand und unseren neuen Angeboten in den Bereichen: Haarentfernungssrodukte kaufen und langfristige Haarentfernung lernen. Neben den [&hellip;]<\/p>\n","protected":false},"author":2,"featured_media":0,"comment_status":"open","ping_status":"open","sticky":false,"template":"","format":"standard","meta":{"footnotes":""},"categories":[1,41,3,42,7,69,27,59,13],"tags":[36,22,50,20,23,40,6,43,24,9,26,25,21,12,10,34,8,18],"class_list":["post-1387","post","type-post","status-publish","format-standard","hentry","category-allgemein","category-ausbildung","category-fernunterricht","category-kosmetik","category-kosmetikerin","category-kosmetische-pflegeprodukte","category-kurseseminare","category-visagismus-make-up","category-wellness","tag-ausbildung-zur-kosmetikerin","tag-body-sugaring","tag-brazilian-waxing","tag-dauerhafte-haarentfernung","tag-depilation","tag-diplomkosmetikerin","tag-fernlehrgang-zur-kosmetikerin","tag-kosmetik-akademie","tag-kosmetikschule","tag-make-up-fachfrau","tag-make-up-artist","tag-maskenbildner","tag-sugaring","tag-visagist","tag-visagistin","tag-waxing","tag-wellness-beauty-fachfrau","tag-wellness-und-beauty-fachfrau"],"_links":{"self":[{"href":"https:\/\/www.aesthetic-cosmetic.com\/blog\/wp-json\/wp\/v2\/posts\/1387","targetHints":{"allow":["GET"]}}],"collection":[{"href":"https:\/\/www.aesthetic-cosmetic.com\/blog\/wp-json\/wp\/v2\/posts"}],"about":[{"href":"https:\/\/www.aesthetic-cosmetic.com\/blog\/wp-json\/wp\/v2\/types\/post"}],"author":[{"embeddable":true,"href":"https:\/\/www.aesthetic-cosmetic.com\/blog\/wp-json\/wp\/v2\/users\/2"}],"replies":[{"embeddable":true,"href":"https:\/\/www.aesthetic-cosmetic.com\/blog\/wp-json\/wp\/v2\/comments?post=1387"}],"version-history":[{"count":2,"href":"https:\/\/www.aesthetic-cosmetic.com\/blog\/wp-json\/wp\/v2\/posts\/1387\/revisions"}],"predecessor-version":[{"id":1390,"href":"https:\/\/www.aesthetic-cosmetic.com\/blog\/wp-json\/wp\/v2\/posts\/1387\/revisions\/1390"}],"wp:attachment":[{"href":"https:\/\/www.aesthetic-cosmetic.com\/blog\/wp-json\/wp\/v2\/media?parent=1387"}],"wp:term":[{"taxonomy":"category","embeddable":true,"href":"https:\/\/www.aesthetic-cosmetic.com\/blog\/wp-json\/wp\/v2\/categories?post=1387"},{"taxonomy":"post_tag","embeddable":true,"href":"https:\/\/www.aesthetic-cosmetic.com\/blog\/wp-json\/wp\/v2\/tags?post=1387"}],"curies":[{"name":"wp","href":"https:\/\/api.w.org\/{rel}","templated":true}]}}