{"id":1362,"date":"2015-03-18T17:57:05","date_gmt":"2015-03-18T15:57:05","guid":{"rendered":"http:\/\/www.aesthetic-cosmetic.com\/blog\/?p=1362"},"modified":"2015-04-23T16:33:50","modified_gmt":"2015-04-23T14:33:50","slug":"die-make-up-fachfrauvisagistin-am-zukunftsforum-fur-das-chefsekretariat","status":"publish","type":"post","link":"https:\/\/www.aesthetic-cosmetic.com\/blog\/2015\/03\/die-make-up-fachfrauvisagistin-am-zukunftsforum-fur-das-chefsekretariat\/","title":{"rendered":"Die Make-up Fachfrau\/Visagistin am Zukunftsforum f\u00fcr das Chefsekretariat"},"content":{"rendered":"<p><a title=\"Make-up Fachfrau werden\" href=\"http:\/\/www.aesthetic-cosmetic.com\/fernstudium\/make-up-fachfraumann-visagistin.html\"><strong>Make-up Fachfrau<\/strong><\/a>, <a title=\"Visagist werden\" href=\"http:\/\/www.aesthetic-cosmetic.com\/fernstudium\/make-up-fachfraumann-visagistin.html\"><strong>Visagistin<\/strong><\/a>, sowie <strong><a title=\"Farb und Stil lernen\" href=\"http:\/\/www.aesthetic-cosmetic.com\/fernstudium\/farb-stil-und-imageberaterin.html\">Farb- und Stilberaterin<\/a><\/strong> lernen, ist gefragter denn je.<\/p>\n<p>Shireen von <a title=\"Kosmetikschule\" href=\"http:\/\/www.aesthetic-cosmetic.com\/\"><strong>aesthetic + cosmetic<\/strong><\/a> marketing GmbH f\u00fchrt den Teilnehmern am Zukunftsforum f\u00fcr Chefsekretariat und Assistenz der IHK Hochrhein-Bodensee am Mittwoch n\u00e4chster Woche die M\u00f6glichkeiten der Imagesteigerung durch das richtige individuelle Make-up vor.<\/p>\n<figure id=\"attachment_1376\" aria-describedby=\"caption-attachment-1376\" style=\"width: 450px\" class=\"wp-caption aligncenter\"><a href=\"https:\/\/www.aesthetic-cosmetic.com\/blog\/wp-content\/uploads\/2015\/03\/collage.jpg\"><img loading=\"lazy\" decoding=\"async\" class=\"size-large wp-image-1376\" title=\"collage\" src=\"https:\/\/www.aesthetic-cosmetic.com\/blog\/wp-content\/uploads\/2015\/03\/collage-1024x540.jpg\" alt=\"\" width=\"450\" height=\"237\" srcset=\"https:\/\/www.aesthetic-cosmetic.com\/blog\/wp-content\/uploads\/2015\/03\/collage-1024x540.jpg 1024w, https:\/\/www.aesthetic-cosmetic.com\/blog\/wp-content\/uploads\/2015\/03\/collage-300x158.jpg 300w\" sizes=\"auto, (max-width: 450px) 100vw, 450px\" \/><\/a><figcaption id=\"caption-attachment-1376\" class=\"wp-caption-text\">shireen&#39;s make-up<\/figcaption><\/figure>\n<p><a title=\"Make-up lernen\" href=\"http:\/\/www.aesthetic-cosmetic.com\/fernstudium\/make-up-fachfraumann-visagistin.html\"><strong>Make-up lernen<\/strong><\/a>, ist eine wichtige Voraussetzung, den Attraktivit\u00e4tsstereotyp in die richtige &#8222;Bahn&#8220; zu lenken, um privat und beruflich weiterzukommen.<\/p>\n<p>Was hinter dem Begriff des &#8222;Attraktivit\u00e4tsstereotyp&#8220; steht und welche Ma\u00dfnahmen ergriffen werden m\u00fcssen, um sich und seine Kunden in das &#8222;richtige Licht&#8220; zu stellen, lernen Sie an unserer nebenberuflichen <a title=\"Ausbildung Make-up Fachfrau\" href=\"http:\/\/www.aesthetic-cosmetic.com\/fernstudium\/make-up-fachfraumann-visagistin.html\"><strong>Ausbildung zur Make-up Fachfrau<\/strong><\/a>, <a title=\"Ausbildung Visagist\" href=\"http:\/\/www.aesthetic-cosmetic.com\/fernstudium\/make-up-fachfraumann-visagistin.html\"><strong>Visagistin<\/strong><\/a> und <a title=\"Ausbildung Farb und Stil\" href=\"http:\/\/www.aesthetic-cosmetic.com\/fernstudium\/farb-stil-und-imageberaterin.html\"><strong>Farb- und Stilberaterin<\/strong><\/a>, bestehend aus <a title=\"fernschule make-up\" href=\"http:\/\/www.aesthetic-cosmetic.com\/fernstudium\/fernunterrichte-learning.html\"><strong>Fernstudium<\/strong><\/a>, <a title=\"online makeup lernen\" href=\"http:\/\/www.aesthetic-cosmetic.com\/fernstudium\/fernunterrichte-learning.html\"><strong>Online-Lernen<\/strong><\/a> und Pr\u00e4senzphasen.<\/p>\n","protected":false},"excerpt":{"rendered":"<p>Make-up Fachfrau, Visagistin, sowie Farb- und Stilberaterin lernen, ist gefragter denn je. Shireen von aesthetic + cosmetic marketing GmbH f\u00fchrt den Teilnehmern am Zukunftsforum f\u00fcr Chefsekretariat und Assistenz der IHK Hochrhein-Bodensee am Mittwoch n\u00e4chster Woche die M\u00f6glichkeiten der Imagesteigerung durch das richtige individuelle Make-up vor. Make-up lernen, ist eine wichtige Voraussetzung, den Attraktivit\u00e4tsstereotyp in die [&hellip;]<\/p>\n","protected":false},"author":2,"featured_media":0,"comment_status":"open","ping_status":"open","sticky":false,"template":"","format":"standard","meta":{"footnotes":""},"categories":[1,41,3,42,27,64,59],"tags":[45,5,11,4,17,73,43,74,24,9,26,25,63,12,10],"class_list":["post-1362","post","type-post","status-publish","format-standard","hentry","category-allgemein","category-ausbildung","category-fernunterricht","category-kosmetik","category-kurseseminare","category-shireen","category-visagismus-make-up","tag-farb-und-stilberaterin","tag-fernlehrgang","tag-fernlehrgange","tag-fernlernen","tag-fernschule","tag-fernunterricht","tag-kosmetik-akademie","tag-kosmetikerin","tag-kosmetikschule","tag-make-up-fachfrau","tag-make-up-artist","tag-maskenbildner","tag-shireen-make-up","tag-visagist","tag-visagistin"],"_links":{"self":[{"href":"https:\/\/www.aesthetic-cosmetic.com\/blog\/wp-json\/wp\/v2\/posts\/1362","targetHints":{"allow":["GET"]}}],"collection":[{"href":"https:\/\/www.aesthetic-cosmetic.com\/blog\/wp-json\/wp\/v2\/posts"}],"about":[{"href":"https:\/\/www.aesthetic-cosmetic.com\/blog\/wp-json\/wp\/v2\/types\/post"}],"author":[{"embeddable":true,"href":"https:\/\/www.aesthetic-cosmetic.com\/blog\/wp-json\/wp\/v2\/users\/2"}],"replies":[{"embeddable":true,"href":"https:\/\/www.aesthetic-cosmetic.com\/blog\/wp-json\/wp\/v2\/comments?post=1362"}],"version-history":[{"count":3,"href":"https:\/\/www.aesthetic-cosmetic.com\/blog\/wp-json\/wp\/v2\/posts\/1362\/revisions"}],"predecessor-version":[{"id":1365,"href":"https:\/\/www.aesthetic-cosmetic.com\/blog\/wp-json\/wp\/v2\/posts\/1362\/revisions\/1365"}],"wp:attachment":[{"href":"https:\/\/www.aesthetic-cosmetic.com\/blog\/wp-json\/wp\/v2\/media?parent=1362"}],"wp:term":[{"taxonomy":"category","embeddable":true,"href":"https:\/\/www.aesthetic-cosmetic.com\/blog\/wp-json\/wp\/v2\/categories?post=1362"},{"taxonomy":"post_tag","embeddable":true,"href":"https:\/\/www.aesthetic-cosmetic.com\/blog\/wp-json\/wp\/v2\/tags?post=1362"}],"curies":[{"name":"wp","href":"https:\/\/api.w.org\/{rel}","templated":true}]}}