{"id":1295,"date":"2015-01-30T18:40:13","date_gmt":"2015-01-30T16:40:13","guid":{"rendered":"http:\/\/www.aesthetic-cosmetic.com\/blog\/?p=1295"},"modified":"2015-04-23T16:53:52","modified_gmt":"2015-04-23T14:53:52","slug":"schneekonigins-geschichte-uber-die-wellness-und-kosmetikschule","status":"publish","type":"post","link":"https:\/\/www.aesthetic-cosmetic.com\/blog\/2015\/01\/schneekonigins-geschichte-uber-die-wellness-und-kosmetikschule\/","title":{"rendered":"Schneek\u00f6nigins Geschichte \u00fcber die Wellness-, Kosmetikschule und das &#8222;Smedigdud&#8220;"},"content":{"rendered":"<p>Eine liebensw\u00fcrdige neue Geschichte von a+c&#8217;s Schneek\u00f6nigin.<\/p>\n<p><a href=\"https:\/\/www.aesthetic-cosmetic.com\/blog\/wp-content\/uploads\/2015\/01\/Fotolia_44915887_LSchneek\u00f6nigin.jpg\"><img loading=\"lazy\" decoding=\"async\" class=\"aligncenter size-large wp-image-1385\" title=\"Weihnachtsprinzessin\" src=\"https:\/\/www.aesthetic-cosmetic.com\/blog\/wp-content\/uploads\/2015\/01\/Fotolia_44915887_LSchneek\u00f6nigin-1024x1024.jpg\" alt=\"\" width=\"450\" height=\"450\" srcset=\"https:\/\/www.aesthetic-cosmetic.com\/blog\/wp-content\/uploads\/2015\/01\/Fotolia_44915887_LSchneek\u00f6nigin-1024x1024.jpg 1024w, https:\/\/www.aesthetic-cosmetic.com\/blog\/wp-content\/uploads\/2015\/01\/Fotolia_44915887_LSchneek\u00f6nigin-150x150.jpg 150w, https:\/\/www.aesthetic-cosmetic.com\/blog\/wp-content\/uploads\/2015\/01\/Fotolia_44915887_LSchneek\u00f6nigin-300x300.jpg 300w, https:\/\/www.aesthetic-cosmetic.com\/blog\/wp-content\/uploads\/2015\/01\/Fotolia_44915887_LSchneek\u00f6nigin.jpg 1924w\" sizes=\"auto, (max-width: 450px) 100vw, 450px\" \/><\/a><\/p>\n<p>Sie fr\u00e4gt ein kleines M\u00e4dchen, das ungeduldig von einem Fu\u00df zum anderen springend vor a+c&#8217;s <a title=\"Kosmetikschule\" href=\"http:\/\/www.aesthetic-cosmetic.com\/\"><strong>Wellness- und Kosmetikschule<\/strong><\/a> steht, auf wen oder was sie wartet. Klein-Princess &#8211; der Name des M\u00e4dchens &#8211; antwortet: &#8222;Mama lernt Smedigdud&#8220;.<\/p>\n<p>K\u00f6nnen Sie sich denken, was das hei\u00dft? In der anschlie\u00dfenden Beratung mit den Mitgliedern von a+c, wurde das R\u00e4tsel gel\u00f6st. &#8222;Semdigdud&#8220; bedeutet wohl &#8222;<a title=\"Kosmetik lernen\" href=\"http:\/\/www.aesthetic-cosmetic.com\/fernstudium\/kosmetikerin.html\"><strong>Kosmetikinstitut<\/strong><\/a>&#8222;, d.h. die Mama lernt &#8222;<a title=\"Kosmetik lernen\" href=\"http:\/\/www.aesthetic-cosmetic.com\/fernstudium\/kosmetikerin.html\"><strong>Kosmetikinstitut<\/strong><\/a>&#8220; bzw. macht die <a title=\"ausbildung kosmetikerin\" href=\"http:\/\/www.aesthetic-cosmetic.com\/fernstudium\/kosmetikerin.html\"><strong>Ausbildung zur Kosmetikerin<\/strong><\/a>, bestehend aus <a title=\"Kosmetikerin Fernunterricht\" href=\"http:\/\/www.aesthetic-cosmetic.com\/fernstudium\/fernunterrichte-learning.html\"><strong>Fernunterrichtsanteil<\/strong><\/a> bzw. <a title=\"E-learning kosmetik\" href=\"http:\/\/www.aesthetic-cosmetic.com\/fernstudium\/fernunterrichte-learning.html\"><strong>Online-Lernen<\/strong><\/a> und praktischem Pr\u00e4senzseminar .<\/p>\n<p>Fazit f\u00fcr alle, die neben der Kindererziehung &#8222;Smedigdud&#8220; lernen m\u00f6chten: Ergreifen Sie Ihre Chancen zur nebenberuflichen <a title=\"Weiterbildungsma\u00dfnahme zur Kosmetikerin\" href=\"http:\/\/www.aesthetic-cosmetic.com\/fernstudium\/kosmetikerin.html\"><strong>Weiterbildung zur Kosmetikerin<\/strong><\/a> an unserer <a title=\"Fernschule Kosmetik\" href=\"http:\/\/www.aesthetic-cosmetic.com\/\"><strong>Kosmetik-Fernschule<\/strong><\/a>.<\/p>\n","protected":false},"excerpt":{"rendered":"<p>Eine liebensw\u00fcrdige neue Geschichte von a+c&#8217;s Schneek\u00f6nigin. Sie fr\u00e4gt ein kleines M\u00e4dchen, das ungeduldig von einem Fu\u00df zum anderen springend vor a+c&#8217;s Wellness- und Kosmetikschule steht, auf wen oder was sie wartet. Klein-Princess &#8211; der Name des M\u00e4dchens &#8211; antwortet: &#8222;Mama lernt Smedigdud&#8220;. K\u00f6nnen Sie sich denken, was das hei\u00dft? In der anschlie\u00dfenden Beratung mit [&hellip;]<\/p>\n","protected":false},"author":2,"featured_media":0,"comment_status":"open","ping_status":"open","sticky":false,"template":"","format":"standard","meta":{"footnotes":""},"categories":[1,41,3,42,7,13],"tags":[36,40,5,6,11,4,17,73,43,74,24,8,18],"class_list":["post-1295","post","type-post","status-publish","format-standard","hentry","category-allgemein","category-ausbildung","category-fernunterricht","category-kosmetik","category-kosmetikerin","category-wellness","tag-ausbildung-zur-kosmetikerin","tag-diplomkosmetikerin","tag-fernlehrgang","tag-fernlehrgang-zur-kosmetikerin","tag-fernlehrgange","tag-fernlernen","tag-fernschule","tag-fernunterricht","tag-kosmetik-akademie","tag-kosmetikerin","tag-kosmetikschule","tag-wellness-beauty-fachfrau","tag-wellness-und-beauty-fachfrau"],"_links":{"self":[{"href":"https:\/\/www.aesthetic-cosmetic.com\/blog\/wp-json\/wp\/v2\/posts\/1295","targetHints":{"allow":["GET"]}}],"collection":[{"href":"https:\/\/www.aesthetic-cosmetic.com\/blog\/wp-json\/wp\/v2\/posts"}],"about":[{"href":"https:\/\/www.aesthetic-cosmetic.com\/blog\/wp-json\/wp\/v2\/types\/post"}],"author":[{"embeddable":true,"href":"https:\/\/www.aesthetic-cosmetic.com\/blog\/wp-json\/wp\/v2\/users\/2"}],"replies":[{"embeddable":true,"href":"https:\/\/www.aesthetic-cosmetic.com\/blog\/wp-json\/wp\/v2\/comments?post=1295"}],"version-history":[{"count":6,"href":"https:\/\/www.aesthetic-cosmetic.com\/blog\/wp-json\/wp\/v2\/posts\/1295\/revisions"}],"predecessor-version":[{"id":1386,"href":"https:\/\/www.aesthetic-cosmetic.com\/blog\/wp-json\/wp\/v2\/posts\/1295\/revisions\/1386"}],"wp:attachment":[{"href":"https:\/\/www.aesthetic-cosmetic.com\/blog\/wp-json\/wp\/v2\/media?parent=1295"}],"wp:term":[{"taxonomy":"category","embeddable":true,"href":"https:\/\/www.aesthetic-cosmetic.com\/blog\/wp-json\/wp\/v2\/categories?post=1295"},{"taxonomy":"post_tag","embeddable":true,"href":"https:\/\/www.aesthetic-cosmetic.com\/blog\/wp-json\/wp\/v2\/tags?post=1295"}],"curies":[{"name":"wp","href":"https:\/\/api.w.org\/{rel}","templated":true}]}}