{"id":1278,"date":"2015-01-22T22:34:09","date_gmt":"2015-01-22T20:34:09","guid":{"rendered":"http:\/\/www.aesthetic-cosmetic.com\/blog\/?p=1278"},"modified":"2015-01-22T22:34:09","modified_gmt":"2015-01-22T20:34:09","slug":"gepflegte-fuse-und-die-intelligenz","status":"publish","type":"post","link":"https:\/\/www.aesthetic-cosmetic.com\/blog\/2015\/01\/gepflegte-fuse-und-die-intelligenz\/","title":{"rendered":"gepflegte F\u00fc\u00dfe und die Intelligenz"},"content":{"rendered":"<p>In welchem Zusammenhang stehen gepflegte F\u00fc\u00dfe und Intelligenz?<\/p>\n<p><a href=\"https:\/\/www.aesthetic-cosmetic.com\/blog\/wp-content\/uploads\/2015\/01\/Fotolia_17672186_L.jpg\"><img loading=\"lazy\" decoding=\"async\" class=\"aligncenter size-large wp-image-1279\" title=\"Fu\u00c3\u009fmassage\" src=\"https:\/\/www.aesthetic-cosmetic.com\/blog\/wp-content\/uploads\/2015\/01\/Fotolia_17672186_L-1024x680.jpg\" alt=\"\" width=\"450\" height=\"298\" srcset=\"https:\/\/www.aesthetic-cosmetic.com\/blog\/wp-content\/uploads\/2015\/01\/Fotolia_17672186_L-1024x680.jpg 1024w, https:\/\/www.aesthetic-cosmetic.com\/blog\/wp-content\/uploads\/2015\/01\/Fotolia_17672186_L-300x199.jpg 300w\" sizes=\"auto, (max-width: 450px) 100vw, 450px\" \/><\/a><\/p>\n<p>Diejenige Person, die sich um ihre Gesundheitsvorsorge Gedanken macht, geht regelm\u00e4\u00dfig zur <a title=\"med. Fu\u00dfpflege lernen\" href=\"http:\/\/www.aesthetic-cosmetic.com\/kurse-seminare\/fusspflege-und-erweiterungen\/fusspflege.html\"><strong>med. Fu\u00dfpflege<\/strong><\/a>. Dies ist ein Zeichen von Intelligenz! Nach der mathematischen Aussagenlogik resultiert daraus, dass die Menschen, die sich die <strong><a title=\"medizinischer Fu\u00dfpfleger werden\" href=\"http:\/\/www.aesthetic-cosmetic.com\/kurse-seminare\/fusspflege-und-erweiterungen\/fusspflege.html\">medizinische Fu\u00dfpflege<\/a><\/strong> regelm\u00e4\u00dfig g\u00f6nnen, intelligent sind.<\/p>\n<p>Eine weitere Folgerung ist nach der Fuzzy-Logik vom Schluss von der Intelligenz zu gesunden F\u00fc\u00dfen der Wille zur <a title=\"ausbildung fu\u00dfpflege\" href=\"http:\/\/www.aesthetic-cosmetic.com\/kurse-seminare\/fusspflege-und-erweiterungen\/fusspflege.html\"><strong>Ausbildung in medizinischer Fu\u00dfpflege<\/strong><\/a>. Lachen Sie nicht! Die Fuzzy-Logik bzw. die Fuzzifizierung ist tats\u00e4chlich ein hochwissenschaftliches Ph\u00e4nomen der mathematischen Aussagenlogik, mit der sich der Chef von aesthetic + cosmetic w\u00e4hrend seines Studiums vor vielen Jahren besch\u00e4ftigt hat. Wenn Sie es nicht glauben, so lassen Sie sich diese &#8222;Logika&#8220; bei wikipedia erkl\u00e4ren.<\/p>\n<p>Nun ganz einfach ausgedr\u00fcckt: Lernen Sie <a title=\"med. Fu\u00dfpflege lernen\" href=\"http:\/\/www.aesthetic-cosmetic.com\/kurse-seminare\/fusspflege-und-erweiterungen\/fusspflege.html\"><strong>medizinische Fu\u00dfpflege<\/strong><\/a> und Sie weisen Intelligenz nach! Das n\u00e4chste Seminar findet vom 23. bis 27. Februar 2015 statt. Die <a title=\"Fu\u00dfpflegeschule\" href=\"http:\/\/www.aesthetic-cosmetic.com\/kurse-seminare\/fusspflege-und-erweiterungen\/fusspflege.html\"><strong>Fu\u00dfpflegeschule<\/strong><\/a> freut sich auf Sie!<\/p>\n","protected":false},"excerpt":{"rendered":"<p>In welchem Zusammenhang stehen gepflegte F\u00fc\u00dfe und Intelligenz? Diejenige Person, die sich um ihre Gesundheitsvorsorge Gedanken macht, geht regelm\u00e4\u00dfig zur med. Fu\u00dfpflege. Dies ist ein Zeichen von Intelligenz! Nach der mathematischen Aussagenlogik resultiert daraus, dass die Menschen, die sich die medizinische Fu\u00dfpflege regelm\u00e4\u00dfig g\u00f6nnen, intelligent sind. Eine weitere Folgerung ist nach der Fuzzy-Logik vom Schluss [&hellip;]<\/p>\n","protected":false},"author":2,"featured_media":0,"comment_status":"open","ping_status":"open","sticky":false,"template":"","format":"standard","meta":{"footnotes":""},"categories":[1,41,61],"tags":[33,32,31,43,24,28,30,29],"class_list":["post-1278","post","type-post","status-publish","format-standard","hentry","category-allgemein","category-ausbildung","category-fuspflege","tag-fuspfleger","tag-fuspflegerinnen","tag-fuspflegeschule","tag-kosmetik-akademie","tag-kosmetikschule","tag-medizinische-fuspflege","tag-podologe","tag-podologin"],"_links":{"self":[{"href":"https:\/\/www.aesthetic-cosmetic.com\/blog\/wp-json\/wp\/v2\/posts\/1278","targetHints":{"allow":["GET"]}}],"collection":[{"href":"https:\/\/www.aesthetic-cosmetic.com\/blog\/wp-json\/wp\/v2\/posts"}],"about":[{"href":"https:\/\/www.aesthetic-cosmetic.com\/blog\/wp-json\/wp\/v2\/types\/post"}],"author":[{"embeddable":true,"href":"https:\/\/www.aesthetic-cosmetic.com\/blog\/wp-json\/wp\/v2\/users\/2"}],"replies":[{"embeddable":true,"href":"https:\/\/www.aesthetic-cosmetic.com\/blog\/wp-json\/wp\/v2\/comments?post=1278"}],"version-history":[{"count":2,"href":"https:\/\/www.aesthetic-cosmetic.com\/blog\/wp-json\/wp\/v2\/posts\/1278\/revisions"}],"predecessor-version":[{"id":1281,"href":"https:\/\/www.aesthetic-cosmetic.com\/blog\/wp-json\/wp\/v2\/posts\/1278\/revisions\/1281"}],"wp:attachment":[{"href":"https:\/\/www.aesthetic-cosmetic.com\/blog\/wp-json\/wp\/v2\/media?parent=1278"}],"wp:term":[{"taxonomy":"category","embeddable":true,"href":"https:\/\/www.aesthetic-cosmetic.com\/blog\/wp-json\/wp\/v2\/categories?post=1278"},{"taxonomy":"post_tag","embeddable":true,"href":"https:\/\/www.aesthetic-cosmetic.com\/blog\/wp-json\/wp\/v2\/tags?post=1278"}],"curies":[{"name":"wp","href":"https:\/\/api.w.org\/{rel}","templated":true}]}}