{"id":1253,"date":"2015-01-06T19:28:45","date_gmt":"2015-01-06T17:28:45","guid":{"rendered":"http:\/\/www.aesthetic-cosmetic.com\/blog\/?p=1253"},"modified":"2015-01-07T23:00:42","modified_gmt":"2015-01-07T21:00:42","slug":"schonheitspflege-im-trend","status":"publish","type":"post","link":"https:\/\/www.aesthetic-cosmetic.com\/blog\/2015\/01\/schonheitspflege-im-trend\/","title":{"rendered":"Sch\u00f6nheitspflege im Trend"},"content":{"rendered":"<p>Ein gl\u00fcckliches und erfolgreiches Jahr 2015 an alle unsere Lehrgangs- und Studienteilnehmer, Kunden, aber auch Interessenten und Freunde!<\/p>\n<p>P\u00fcnktlich zum Jahresbeginn erfahren wir \u00fcber die Wirtschaftspressekonferenz des <a href=\"http:\/\/www.ikw.org\/\"><strong>IKW<\/strong><\/a>, dass die <a title=\"Kosmetik lernen\" href=\"http:\/\/www.aesthetic-cosmetic.com\/\"><strong>Sch\u00f6nheitspflege<\/strong><\/a> 2014 ein Plus von 1,6 % gegen\u00fcber dem Vorjahr aufweist. Ein Grund mehr, das Neue Jahr mit einer staatlich zugelassenen und zertifizierten nebenberuflichen <a title=\"Weiterbildung kosmetikerin\" href=\"http:\/\/www.aesthetic-cosmetic.com\/fernstudium\/kosmetikerin.html\"><strong>Weiterbildungsma\u00dfnahme zur Kosmetikerin<\/strong><\/a> oder zur <a title=\"weiterbildung wellness\" href=\"http:\/\/www.aesthetic-cosmetic.com\/fernstudium\/wellness-und-beauty-fachfrau.html\"><strong>Wellness- und Beautyfachfrau<\/strong><\/a> zu beginnen.<\/p>\n<p><a href=\"https:\/\/www.aesthetic-cosmetic.com\/blog\/wp-content\/uploads\/2015\/01\/IKW.jpg\"><img loading=\"lazy\" decoding=\"async\" class=\"aligncenter size-medium wp-image-1255\" title=\"IKW\" src=\"https:\/\/www.aesthetic-cosmetic.com\/blog\/wp-content\/uploads\/2015\/01\/IKW-300x203.jpg\" alt=\"\" width=\"300\" height=\"203\" srcset=\"https:\/\/www.aesthetic-cosmetic.com\/blog\/wp-content\/uploads\/2015\/01\/IKW-300x203.jpg 300w, https:\/\/www.aesthetic-cosmetic.com\/blog\/wp-content\/uploads\/2015\/01\/IKW.jpg 530w\" sizes=\"auto, (max-width: 300px) 100vw, 300px\" \/><\/a><\/p>\n<p>Beim Verkauf von Haut- und Gesichtspflegeprodukten weist die Steigerung 0,9 % auf, bei der dekorativen Kosmetik, dem Make-up, liegt sie sogar bei 5,5 %. Hier sind Berufe wie der <a title=\"Make-up artist lernen\" href=\"http:\/\/www.aesthetic-cosmetic.com\/fernstudium\/make-up-fachfraumann-visagistin.html\"><\/a><strong><a title=\"Make-up artist lernen\" href=\"http:\/\/www.aesthetic-cosmetic.com\/fernstudium\/make-up-fachfraumann-visagistin.html\">Make-up Artist<\/a> <\/strong>und der <a title=\"ausbildung colour coach\" href=\"http:\/\/www.aesthetic-cosmetic.com\/fernstudium\/farb-stil-und-imageberaterin.html\"><strong>Colour Coach<\/strong><\/a> gefragt. Wer jetzt eine <a title=\"ausbildung Visagist\" href=\"http:\/\/www.aesthetic-cosmetic.com\/fernstudium\/make-up-fachfraumann-visagistin.html\"><strong>Ausbildung zur Make-up Fachfrau<\/strong><\/a>, zur Visagistin und\/oder zur <a title=\"Farb- und Stilberaterin werden\" href=\"http:\/\/www.aesthetic-cosmetic.com\/fernstudium\/farb-stil-und-imageberaterin.html\"><strong>Farb- und Stilberaterin<\/strong><\/a> in Angriff nimmt, der liegt im Trend mit der h\u00f6chsten Steigerungssrate im Feld der <a title=\"sch\u00f6nheitspflege lernen\" href=\"http:\/\/www.aesthetic-cosmetic.com\/\"><strong>Sch\u00f6nheitspflege<\/strong><\/a>.<\/p>\n","protected":false},"excerpt":{"rendered":"<p>Ein gl\u00fcckliches und erfolgreiches Jahr 2015 an alle unsere Lehrgangs- und Studienteilnehmer, Kunden, aber auch Interessenten und Freunde! P\u00fcnktlich zum Jahresbeginn erfahren wir \u00fcber die Wirtschaftspressekonferenz des IKW, dass die Sch\u00f6nheitspflege 2014 ein Plus von 1,6 % gegen\u00fcber dem Vorjahr aufweist. Ein Grund mehr, das Neue Jahr mit einer staatlich zugelassenen und zertifizierten nebenberuflichen Weiterbildungsma\u00dfnahme [&hellip;]<\/p>\n","protected":false},"author":2,"featured_media":0,"comment_status":"open","ping_status":"open","sticky":false,"template":"","format":"standard","meta":{"footnotes":""},"categories":[1,41,3,42,7,69,27,64,59,13],"tags":[36,40,45,5,6,11,4,17,73,43,74,24,9,26,25,63,12,10,8,18],"class_list":["post-1253","post","type-post","status-publish","format-standard","hentry","category-allgemein","category-ausbildung","category-fernunterricht","category-kosmetik","category-kosmetikerin","category-kosmetische-pflegeprodukte","category-kurseseminare","category-shireen","category-visagismus-make-up","category-wellness","tag-ausbildung-zur-kosmetikerin","tag-diplomkosmetikerin","tag-farb-und-stilberaterin","tag-fernlehrgang","tag-fernlehrgang-zur-kosmetikerin","tag-fernlehrgange","tag-fernlernen","tag-fernschule","tag-fernunterricht","tag-kosmetik-akademie","tag-kosmetikerin","tag-kosmetikschule","tag-make-up-fachfrau","tag-make-up-artist","tag-maskenbildner","tag-shireen-make-up","tag-visagist","tag-visagistin","tag-wellness-beauty-fachfrau","tag-wellness-und-beauty-fachfrau"],"_links":{"self":[{"href":"https:\/\/www.aesthetic-cosmetic.com\/blog\/wp-json\/wp\/v2\/posts\/1253","targetHints":{"allow":["GET"]}}],"collection":[{"href":"https:\/\/www.aesthetic-cosmetic.com\/blog\/wp-json\/wp\/v2\/posts"}],"about":[{"href":"https:\/\/www.aesthetic-cosmetic.com\/blog\/wp-json\/wp\/v2\/types\/post"}],"author":[{"embeddable":true,"href":"https:\/\/www.aesthetic-cosmetic.com\/blog\/wp-json\/wp\/v2\/users\/2"}],"replies":[{"embeddable":true,"href":"https:\/\/www.aesthetic-cosmetic.com\/blog\/wp-json\/wp\/v2\/comments?post=1253"}],"version-history":[{"count":5,"href":"https:\/\/www.aesthetic-cosmetic.com\/blog\/wp-json\/wp\/v2\/posts\/1253\/revisions"}],"predecessor-version":[{"id":1260,"href":"https:\/\/www.aesthetic-cosmetic.com\/blog\/wp-json\/wp\/v2\/posts\/1253\/revisions\/1260"}],"wp:attachment":[{"href":"https:\/\/www.aesthetic-cosmetic.com\/blog\/wp-json\/wp\/v2\/media?parent=1253"}],"wp:term":[{"taxonomy":"category","embeddable":true,"href":"https:\/\/www.aesthetic-cosmetic.com\/blog\/wp-json\/wp\/v2\/categories?post=1253"},{"taxonomy":"post_tag","embeddable":true,"href":"https:\/\/www.aesthetic-cosmetic.com\/blog\/wp-json\/wp\/v2\/tags?post=1253"}],"curies":[{"name":"wp","href":"https:\/\/api.w.org\/{rel}","templated":true}]}}