{"id":1238,"date":"2014-12-27T16:44:17","date_gmt":"2014-12-27T14:44:17","guid":{"rendered":"http:\/\/www.aesthetic-cosmetic.com\/blog\/?p=1238"},"modified":"2014-12-27T16:48:06","modified_gmt":"2014-12-27T14:48:06","slug":"shireen-christmas-gift-in-time","status":"publish","type":"post","link":"https:\/\/www.aesthetic-cosmetic.com\/blog\/2014\/12\/shireen-christmas-gift-in-time\/","title":{"rendered":"Shireen &#8211; Christmas Gift in time"},"content":{"rendered":"<p>P\u00fcnktlich zum Weihnachtsfest: Der Markenname <a title=\"shireen make-up\" href=\"http:\/\/www.aesthetic-cosmetic.com\/produkte\/shireen-professionelles-make-up\/shireen-professionelles-make-up.html\"><strong>shireen<\/strong><\/a> wird wieder in alleinigem Besitz von aesthetic + cosmetic marketing GmbH sein und zwar als<\/p>\n<ul>\n<li><a title=\"shireen\" href=\"http:\/\/www.aesthetic-cosmetic.com\/produkte\/shireen-professionelles-make-up\/shireen-professionelles-make-up.html\"><strong>Kosmetikprodukte shireen<\/strong><\/a>, Klasse 3<\/li>\n<li><a title=\"ausbildung shireen\" href=\"http:\/\/www.aesthetic-cosmetic.com\/\"><strong>shireen f\u00fcr Aus- und Weiterbildung<\/strong><\/a> in der Gebieten der dekorativen Kosmetik und der Sch\u00f6nheitsplege, Klasse 41<\/li>\n<li><a title=\"Make-up shireen\" href=\"http:\/\/www.aesthetic-cosmetic.com\/produkte\/shireen-professionelles-make-up\/shireen-professionelles-make-up.html\"><strong>shireen<\/strong><\/a> als <a title=\"Ausbildung shireen\" href=\"http:\/\/www.aesthetic-cosmetic.com\/\"><strong>Dienstleistungen von Kosmetikerinnen, Visagisten und Sch\u00f6nheitssalons<\/strong><\/a>, Klasse 44<\/li>\n<\/ul>\n<figure id=\"attachment_1243\" aria-describedby=\"caption-attachment-1243\" style=\"width: 450px\" class=\"wp-caption aligncenter\"><a href=\"https:\/\/www.aesthetic-cosmetic.com\/blog\/wp-content\/uploads\/2014\/12\/Camouflage.jpg\"><img loading=\"lazy\" decoding=\"async\" class=\"size-large wp-image-1243\" title=\"Camouflage\" src=\"https:\/\/www.aesthetic-cosmetic.com\/blog\/wp-content\/uploads\/2014\/12\/Camouflage-1024x682.jpg\" alt=\"\" width=\"450\" height=\"299\" srcset=\"https:\/\/www.aesthetic-cosmetic.com\/blog\/wp-content\/uploads\/2014\/12\/Camouflage-1024x682.jpg 1024w, https:\/\/www.aesthetic-cosmetic.com\/blog\/wp-content\/uploads\/2014\/12\/Camouflage-300x200.jpg 300w\" sizes=\"auto, (max-width: 450px) 100vw, 450px\" \/><\/a><figcaption id=\"caption-attachment-1243\" class=\"wp-caption-text\">Camouflage Make-up shireen<\/figcaption><\/figure>\n<p>Und dies nicht nur in Deutschland, sondern auch in weiteren europ\u00e4ischen L\u00e4ndern.<\/p>\n<p>Weiterhin geht der Markenname <a title=\"shireen\" href=\"http:\/\/www.aesthetic-cosmetic.com\/produkte\/shireen-professionelles-make-up\/shireen-professionelles-make-up.html\"><strong>shireen<\/strong><\/a> auch in medizinischen Teilbereichen an uns.<\/p>\n<p>Drei lange Jahre juristische Streitigkeiten, verbunden mit hohem Zeitaufwand und hohen Kosten, sind endlich vorbei! <a title=\"shireen\" href=\"http:\/\/www.aesthetic-cosmetic.com\/produkte\/shireen-professionelles-make-up\/shireen-professionelles-make-up.html\"><strong>shireen<\/strong><\/a> wird nun nicht mehr nur im <a title=\"shireen kosmetik\" href=\"http:\/\/www.aesthetic-cosmetic.com\/produkte\/shireen-professionelles-make-up\/shireen-professionelles-make-up.html\"><strong>kosmetischen Produkt<\/strong><\/a>, sondern auch in der <a title=\"ausbildung kosmetik\" href=\"http:\/\/www.aesthetic-cosmetic.com\/\"><strong>Aus- und Weiterbildung<\/strong><\/a> der <a title=\"Kosmetikschule\" href=\"http:\/\/www.aesthetic-cosmetic.com\/\"><strong>Kosmetikschule<\/strong><\/a> von aesthetic + cosmetic marketing GmbH, eine wichtige tragende Rolle spielen. Lang ruhende Ideen werden Schritt f\u00fcr Schritt in den n\u00e4chsten Monaten und Jahren verwirklicht.<\/p>\n<p>Looking forward to 2015 and further years and decades!<\/p>\n","protected":false},"excerpt":{"rendered":"<p>P\u00fcnktlich zum Weihnachtsfest: Der Markenname shireen wird wieder in alleinigem Besitz von aesthetic + cosmetic marketing GmbH sein und zwar als Kosmetikprodukte shireen, Klasse 3 shireen f\u00fcr Aus- und Weiterbildung in der Gebieten der dekorativen Kosmetik und der Sch\u00f6nheitsplege, Klasse 41 shireen als Dienstleistungen von Kosmetikerinnen, Visagisten und Sch\u00f6nheitssalons, Klasse 44 Und dies nicht nur [&hellip;]<\/p>\n","protected":false},"author":2,"featured_media":0,"comment_status":"open","ping_status":"open","sticky":false,"template":"","format":"standard","meta":{"footnotes":""},"categories":[1,41,42,7,69,27,64,59],"tags":[36,45,6,43,74,24,9,26,25,63,12,10],"class_list":["post-1238","post","type-post","status-publish","format-standard","hentry","category-allgemein","category-ausbildung","category-kosmetik","category-kosmetikerin","category-kosmetische-pflegeprodukte","category-kurseseminare","category-shireen","category-visagismus-make-up","tag-ausbildung-zur-kosmetikerin","tag-farb-und-stilberaterin","tag-fernlehrgang-zur-kosmetikerin","tag-kosmetik-akademie","tag-kosmetikerin","tag-kosmetikschule","tag-make-up-fachfrau","tag-make-up-artist","tag-maskenbildner","tag-shireen-make-up","tag-visagist","tag-visagistin"],"_links":{"self":[{"href":"https:\/\/www.aesthetic-cosmetic.com\/blog\/wp-json\/wp\/v2\/posts\/1238","targetHints":{"allow":["GET"]}}],"collection":[{"href":"https:\/\/www.aesthetic-cosmetic.com\/blog\/wp-json\/wp\/v2\/posts"}],"about":[{"href":"https:\/\/www.aesthetic-cosmetic.com\/blog\/wp-json\/wp\/v2\/types\/post"}],"author":[{"embeddable":true,"href":"https:\/\/www.aesthetic-cosmetic.com\/blog\/wp-json\/wp\/v2\/users\/2"}],"replies":[{"embeddable":true,"href":"https:\/\/www.aesthetic-cosmetic.com\/blog\/wp-json\/wp\/v2\/comments?post=1238"}],"version-history":[{"count":3,"href":"https:\/\/www.aesthetic-cosmetic.com\/blog\/wp-json\/wp\/v2\/posts\/1238\/revisions"}],"predecessor-version":[{"id":1247,"href":"https:\/\/www.aesthetic-cosmetic.com\/blog\/wp-json\/wp\/v2\/posts\/1238\/revisions\/1247"}],"wp:attachment":[{"href":"https:\/\/www.aesthetic-cosmetic.com\/blog\/wp-json\/wp\/v2\/media?parent=1238"}],"wp:term":[{"taxonomy":"category","embeddable":true,"href":"https:\/\/www.aesthetic-cosmetic.com\/blog\/wp-json\/wp\/v2\/categories?post=1238"},{"taxonomy":"post_tag","embeddable":true,"href":"https:\/\/www.aesthetic-cosmetic.com\/blog\/wp-json\/wp\/v2\/tags?post=1238"}],"curies":[{"name":"wp","href":"https:\/\/api.w.org\/{rel}","templated":true}]}}