{"id":1230,"date":"2014-12-16T21:56:26","date_gmt":"2014-12-16T19:56:26","guid":{"rendered":"http:\/\/www.aesthetic-cosmetic.com\/blog\/?p=1230"},"modified":"2014-12-16T21:56:26","modified_gmt":"2014-12-16T19:56:26","slug":"anti-aging-oder-pro-aging","status":"publish","type":"post","link":"https:\/\/www.aesthetic-cosmetic.com\/blog\/2014\/12\/anti-aging-oder-pro-aging\/","title":{"rendered":"Anti-Aging oder Pro-Aging?"},"content":{"rendered":"<p>Interessante News nicht nur f\u00fcr alle, die <a title=\"Kosmetikerin werden\" href=\"http:\/\/www.aesthetic-cosmetic.com\/fernstudium\/kosmetikerin.html\"><strong>Kosmetikerin werden<\/strong><\/a> bzw. <a title=\"Kosmetikerin lernen\" href=\"http:\/\/www.aesthetic-cosmetic.com\/fernstudium\/kosmetikerin.html\"><strong>Kosmetik lernen<\/strong><\/a>, sondern f\u00fcr alle, die in der Sch\u00f6nheitsbranche t\u00e4tig sind. Diese News muss die <a title=\"Kosmetikschule\" href=\"http:\/\/www.aesthetic-cosmetic.com\/fernstudium\/kosmetikerin.html\"><strong>Kosmetikschule<\/strong><\/a> aufnehmen und in ihren Lehrplan mit aufnehmen.<\/p>\n<p>Laut britischem Marktforschungsinstiut Datamonitor Consumer\u00a0 widersetzt sich eine immer gr\u00f6\u00dfer werdende Anzahl von Frauen und auch M\u00e4nnern der Anti-Aging-Welle. Sie berufen sich auf Ihr biologisches Alter und wollen Pflegeprodukte, die nicht eine Anti-Falten-Wirkung versprechen, sondern sie gesund aussehen zu lassen. Das Altern ist kein negativer Prozess, die Haut ben\u00f6tigt Pflegeprodukte, die die Hautqualit\u00e4t verbessern. Das Zeitalter der Pro-Aging Menschengruppe scheint angebrochen zu sein.<\/p>\n<figure id=\"attachment_1231\" aria-describedby=\"caption-attachment-1231\" style=\"width: 242px\" class=\"wp-caption aligncenter\"><a href=\"https:\/\/www.aesthetic-cosmetic.com\/blog\/wp-content\/uploads\/2014\/12\/dovedame.jpg\"><img loading=\"lazy\" decoding=\"async\" class=\"size-full wp-image-1231\" title=\"dovedame\" src=\"https:\/\/www.aesthetic-cosmetic.com\/blog\/wp-content\/uploads\/2014\/12\/dovedame.jpg\" alt=\"\" width=\"242\" height=\"248\" \/><\/a><figcaption id=\"caption-attachment-1231\" class=\"wp-caption-text\">aus luebbert-kok.de<\/figcaption><\/figure>\n<p>Ein Hinweis f\u00fcr alle <a title=\"Kosmetikerin lernen\" href=\"http:\/\/www.aesthetic-cosmetic.com\/fernstudium\/kosmetikerin.html\"><strong>Kosmetikerinnen<\/strong><\/a>: Achten Sie auf den &#8222;Pro-Ager&#8220;, verkaufen Sie ihm <a title=\"Anti-Aging Produkte\" href=\"http:\/\/www.aesthetic-cosmetic.com\/biosmos-hautpflegeprodukte\/biosmos-verkaufsprodukte.html\"><strong>Pro-Aging-Pflegeprodukte<\/strong><\/a>. F\u00fcr die Kosmetikbehandlung gilt: Neu <a title=\"Kosmetik lernen\" href=\"http:\/\/www.aesthetic-cosmetic.com\/fernstudium\/kosmetikerin.html\"><strong>Kosmetik lernen<\/strong><\/a>!<\/p>\n","protected":false},"excerpt":{"rendered":"<p>Interessante News nicht nur f\u00fcr alle, die Kosmetikerin werden bzw. Kosmetik lernen, sondern f\u00fcr alle, die in der Sch\u00f6nheitsbranche t\u00e4tig sind. Diese News muss die Kosmetikschule aufnehmen und in ihren Lehrplan mit aufnehmen. Laut britischem Marktforschungsinstiut Datamonitor Consumer\u00a0 widersetzt sich eine immer gr\u00f6\u00dfer werdende Anzahl von Frauen und auch M\u00e4nnern der Anti-Aging-Welle. Sie berufen sich [&hellip;]<\/p>\n","protected":false},"author":2,"featured_media":0,"comment_status":"open","ping_status":"open","sticky":false,"template":"","format":"standard","meta":{"footnotes":""},"categories":[1,41,42,7,69,27],"tags":[36,40,5,6,4,17,43,74,24],"class_list":["post-1230","post","type-post","status-publish","format-standard","hentry","category-allgemein","category-ausbildung","category-kosmetik","category-kosmetikerin","category-kosmetische-pflegeprodukte","category-kurseseminare","tag-ausbildung-zur-kosmetikerin","tag-diplomkosmetikerin","tag-fernlehrgang","tag-fernlehrgang-zur-kosmetikerin","tag-fernlernen","tag-fernschule","tag-kosmetik-akademie","tag-kosmetikerin","tag-kosmetikschule"],"_links":{"self":[{"href":"https:\/\/www.aesthetic-cosmetic.com\/blog\/wp-json\/wp\/v2\/posts\/1230","targetHints":{"allow":["GET"]}}],"collection":[{"href":"https:\/\/www.aesthetic-cosmetic.com\/blog\/wp-json\/wp\/v2\/posts"}],"about":[{"href":"https:\/\/www.aesthetic-cosmetic.com\/blog\/wp-json\/wp\/v2\/types\/post"}],"author":[{"embeddable":true,"href":"https:\/\/www.aesthetic-cosmetic.com\/blog\/wp-json\/wp\/v2\/users\/2"}],"replies":[{"embeddable":true,"href":"https:\/\/www.aesthetic-cosmetic.com\/blog\/wp-json\/wp\/v2\/comments?post=1230"}],"version-history":[{"count":2,"href":"https:\/\/www.aesthetic-cosmetic.com\/blog\/wp-json\/wp\/v2\/posts\/1230\/revisions"}],"predecessor-version":[{"id":1233,"href":"https:\/\/www.aesthetic-cosmetic.com\/blog\/wp-json\/wp\/v2\/posts\/1230\/revisions\/1233"}],"wp:attachment":[{"href":"https:\/\/www.aesthetic-cosmetic.com\/blog\/wp-json\/wp\/v2\/media?parent=1230"}],"wp:term":[{"taxonomy":"category","embeddable":true,"href":"https:\/\/www.aesthetic-cosmetic.com\/blog\/wp-json\/wp\/v2\/categories?post=1230"},{"taxonomy":"post_tag","embeddable":true,"href":"https:\/\/www.aesthetic-cosmetic.com\/blog\/wp-json\/wp\/v2\/tags?post=1230"}],"curies":[{"name":"wp","href":"https:\/\/api.w.org\/{rel}","templated":true}]}}