{"id":1220,"date":"2014-12-11T21:37:48","date_gmt":"2014-12-11T19:37:48","guid":{"rendered":"http:\/\/www.aesthetic-cosmetic.com\/blog\/?p=1220"},"modified":"2014-12-11T21:37:48","modified_gmt":"2014-12-11T19:37:48","slug":"weihnachtsreise-der-kosmetikschule","status":"publish","type":"post","link":"https:\/\/www.aesthetic-cosmetic.com\/blog\/2014\/12\/weihnachtsreise-der-kosmetikschule\/","title":{"rendered":"Weihnachtsreise der Kosmetikschule"},"content":{"rendered":"<p>Wie im M\u00e4rchen: Im gr\u00f6\u00dften Verkehrsflugzeug, dem A380, lud Oberguru Gerschbacher &#8211; links als &#8222;K\u00e4pten&#8220; der a+c-airways &#8211; die a+c-Mitarbeiter der <a title=\"Kosmetikschule\" href=\"http:\/\/www.aesthetic-cosmetic.com\/fernstudium\/kosmetikerin.html\"><strong>Kosmetikschule<\/strong><\/a>, <a title=\"Wellnessschule\" href=\"http:\/\/www.aesthetic-cosmetic.com\/fernstudium\/wellness-und-beauty-fachfrau.html\"><strong>Wellnessschule<\/strong><\/a>, <a title=\"Schminkschule\" href=\"http:\/\/www.aesthetic-cosmetic.com\/fernstudium\/make-up-fachfraumann-visagistin.html\"><strong>Make-up-Schule<\/strong><\/a> und <a title=\"fu\u00dfpflegeschule\" href=\"http:\/\/www.aesthetic-cosmetic.com\/kurse-seminare\/fusspflege-und-erweiterungen\/fusspflege.html\"><strong>Fu\u00dfpflegeschule<\/strong><\/a>, sowie des <a title=\"Enthaarungsshop\" href=\"http:\/\/www.shop.depilation.de\/\"><strong>Enthaarungsshop<\/strong><\/a> zum Weihnachtsausflug ein.<\/p>\n<figure id=\"attachment_1221\" aria-describedby=\"caption-attachment-1221\" style=\"width: 450px\" class=\"wp-caption aligncenter\"><a href=\"https:\/\/www.aesthetic-cosmetic.com\/blog\/wp-content\/uploads\/2014\/12\/GOPR0120.jpg\"><img loading=\"lazy\" decoding=\"async\" class=\"size-large wp-image-1221\" title=\"DCIM100GOPRO\" src=\"https:\/\/www.aesthetic-cosmetic.com\/blog\/wp-content\/uploads\/2014\/12\/GOPR0120-1024x768.jpg\" alt=\"\" width=\"450\" height=\"337\" srcset=\"https:\/\/www.aesthetic-cosmetic.com\/blog\/wp-content\/uploads\/2014\/12\/GOPR0120-1024x768.jpg 1024w, https:\/\/www.aesthetic-cosmetic.com\/blog\/wp-content\/uploads\/2014\/12\/GOPR0120-300x225.jpg 300w\" sizes=\"auto, (max-width: 450px) 100vw, 450px\" \/><\/a><figcaption id=\"caption-attachment-1221\" class=\"wp-caption-text\">K\u00e4pten Gerschi mit Co-Pilot im A380 der a+c airways<\/figcaption><\/figure>\n<p>Nach dem gegl\u00fcckten Start in Basel &#8211; nur mit Hilfe des Copiloten &#8211; ging es nach Johannesburg zum Supper und zum Genie\u00dfen der ber\u00fchmten Black Forest Tees, danach flogen wir zum Shoppen nach Hongkong und Shenzen. Auf dem R\u00fcckflug wurde ein kurzer Zwischenstopp bei unserer Bundes-Angie in Berlin eingelegt, um unserem Oberhaupt die Notwendigkeit nahezulegen, den Soli in Zukunft den Interessenten, die <a title=\"Kosmetik lernen\" href=\"http:\/\/www.aesthetic-cosmetic.com\/fernstudium\/kosmetikerin.html\"><strong>Kosmetik<\/strong><\/a> oder <a title=\"Wellness lernen\" href=\"http:\/\/www.aesthetic-cosmetic.com\/fernstudium\/wellness-und-beauty-fachfrau.html\"><strong>Wellness<\/strong><\/a> und <a title=\"schminken lernen\" href=\"http:\/\/www.aesthetic-cosmetic.com\/fernstudium\/make-up-fachfraumann-visagistin.html\"><strong>Make-up lernen<\/strong><\/a> m\u00f6chten, zu gew\u00e4hren.<\/p>\n<p>Im Gro\u00dfen und Ganzen: ein wundersch\u00f6ner Kosmetik-M\u00e4rchen-Tag.<\/p>\n","protected":false},"excerpt":{"rendered":"<p>Wie im M\u00e4rchen: Im gr\u00f6\u00dften Verkehrsflugzeug, dem A380, lud Oberguru Gerschbacher &#8211; links als &#8222;K\u00e4pten&#8220; der a+c-airways &#8211; die a+c-Mitarbeiter der Kosmetikschule, Wellnessschule, Make-up-Schule und Fu\u00dfpflegeschule, sowie des Enthaarungsshop zum Weihnachtsausflug ein. Nach dem gegl\u00fcckten Start in Basel &#8211; nur mit Hilfe des Copiloten &#8211; ging es nach Johannesburg zum Supper und zum Genie\u00dfen der [&hellip;]<\/p>\n","protected":false},"author":2,"featured_media":0,"comment_status":"open","ping_status":"open","sticky":false,"template":"","format":"standard","meta":{"footnotes":""},"categories":[41,3,61,42,7,27,59,13],"tags":[36,20,23,40,5,6,33,32,31,35,43,74,24,9,26,25,28,30,29,63,12,10,34,8,18],"class_list":["post-1220","post","type-post","status-publish","format-standard","hentry","category-ausbildung","category-fernunterricht","category-fuspflege","category-kosmetik","category-kosmetikerin","category-kurseseminare","category-visagismus-make-up","category-wellness","tag-ausbildung-zur-kosmetikerin","tag-dauerhafte-haarentfernung","tag-depilation","tag-diplomkosmetikerin","tag-fernlehrgang","tag-fernlehrgang-zur-kosmetikerin","tag-fuspfleger","tag-fuspflegerinnen","tag-fuspflegeschule","tag-haarentfernungswachs","tag-kosmetik-akademie","tag-kosmetikerin","tag-kosmetikschule","tag-make-up-fachfrau","tag-make-up-artist","tag-maskenbildner","tag-medizinische-fuspflege","tag-podologe","tag-podologin","tag-shireen-make-up","tag-visagist","tag-visagistin","tag-waxing","tag-wellness-beauty-fachfrau","tag-wellness-und-beauty-fachfrau"],"_links":{"self":[{"href":"https:\/\/www.aesthetic-cosmetic.com\/blog\/wp-json\/wp\/v2\/posts\/1220","targetHints":{"allow":["GET"]}}],"collection":[{"href":"https:\/\/www.aesthetic-cosmetic.com\/blog\/wp-json\/wp\/v2\/posts"}],"about":[{"href":"https:\/\/www.aesthetic-cosmetic.com\/blog\/wp-json\/wp\/v2\/types\/post"}],"author":[{"embeddable":true,"href":"https:\/\/www.aesthetic-cosmetic.com\/blog\/wp-json\/wp\/v2\/users\/2"}],"replies":[{"embeddable":true,"href":"https:\/\/www.aesthetic-cosmetic.com\/blog\/wp-json\/wp\/v2\/comments?post=1220"}],"version-history":[{"count":2,"href":"https:\/\/www.aesthetic-cosmetic.com\/blog\/wp-json\/wp\/v2\/posts\/1220\/revisions"}],"predecessor-version":[{"id":1223,"href":"https:\/\/www.aesthetic-cosmetic.com\/blog\/wp-json\/wp\/v2\/posts\/1220\/revisions\/1223"}],"wp:attachment":[{"href":"https:\/\/www.aesthetic-cosmetic.com\/blog\/wp-json\/wp\/v2\/media?parent=1220"}],"wp:term":[{"taxonomy":"category","embeddable":true,"href":"https:\/\/www.aesthetic-cosmetic.com\/blog\/wp-json\/wp\/v2\/categories?post=1220"},{"taxonomy":"post_tag","embeddable":true,"href":"https:\/\/www.aesthetic-cosmetic.com\/blog\/wp-json\/wp\/v2\/tags?post=1220"}],"curies":[{"name":"wp","href":"https:\/\/api.w.org\/{rel}","templated":true}]}}