{"id":1200,"date":"2014-12-02T18:43:44","date_gmt":"2014-12-02T16:43:44","guid":{"rendered":"http:\/\/www.aesthetic-cosmetic.com\/blog\/?p=1200"},"modified":"2014-12-02T18:43:44","modified_gmt":"2014-12-02T16:43:44","slug":"eine-maske-zu-weihnachten","status":"publish","type":"post","link":"https:\/\/www.aesthetic-cosmetic.com\/blog\/2014\/12\/eine-maske-zu-weihnachten\/","title":{"rendered":"Eine Maske zu Weihnachten?"},"content":{"rendered":"<p>Unsere Weihnachtsfee schenkt Masken zu Weihnachten!?!?!<\/p>\n<p><a href=\"https:\/\/www.aesthetic-cosmetic.com\/blog\/wp-content\/uploads\/2014\/12\/Fotolia_44915887_LSchneek\u00f6nigin.jpg\"><img loading=\"lazy\" decoding=\"async\" class=\"aligncenter size-medium wp-image-1201\" title=\"Weihnachtsprinzessin\" src=\"https:\/\/www.aesthetic-cosmetic.com\/blog\/wp-content\/uploads\/2014\/12\/Fotolia_44915887_LSchneek\u00f6nigin-300x300.jpg\" alt=\"\" width=\"300\" height=\"300\" srcset=\"https:\/\/www.aesthetic-cosmetic.com\/blog\/wp-content\/uploads\/2014\/12\/Fotolia_44915887_LSchneek\u00f6nigin-300x300.jpg 300w, https:\/\/www.aesthetic-cosmetic.com\/blog\/wp-content\/uploads\/2014\/12\/Fotolia_44915887_LSchneek\u00f6nigin-150x150.jpg 150w, https:\/\/www.aesthetic-cosmetic.com\/blog\/wp-content\/uploads\/2014\/12\/Fotolia_44915887_LSchneek\u00f6nigin-1024x1024.jpg 1024w, https:\/\/www.aesthetic-cosmetic.com\/blog\/wp-content\/uploads\/2014\/12\/Fotolia_44915887_LSchneek\u00f6nigin.jpg 1924w\" sizes=\"auto, (max-width: 300px) 100vw, 300px\" \/><\/a><\/p>\n<p>Bei Anmeldung bis 24. Dezember 2014 zum <a title=\"Seminar Make-up\" href=\"http:\/\/www.aesthetic-cosmetic.com\/kurse-seminare\/visagismus\/masken-make-up.html\"><strong>Seminar Masken Make-up<\/strong><\/a> am 10.\/11. Januar 2015, erhalten Sie einen 10-prozentigen Weihnachtsnachlass.<\/p>\n<p>Denn der n\u00e4chste Karneval, Fasching oder Fasnet &#8211; uf allemanisch &#8211; steht schon wieder vor der T\u00fcr. Wer <a title=\"Make-up lernen\" href=\"http:\/\/www.aesthetic-cosmetic.com\/fernstudium\/make-up-fachfraumann-visagistin.html\"><strong>Make-up lernen<\/strong><\/a>, und Hexen, M\u00f6nche mit Glatzen, &#8222;Tattergreise&#8220;, krumme und schiefe Nasen, Katzen und Hunde herbeizaubern m\u00f6chte, der nimmt zum Sonderpreis am <a title=\"Schminkseminar\" href=\"http:\/\/www.aesthetic-cosmetic.com\/fernstudium\/make-up-fachfraumann-visagistin.html\"><strong>Schminkseminar<\/strong><\/a> unter dem Motto &#8222;<a title=\"Masken Make-up\" href=\"http:\/\/www.aesthetic-cosmetic.com\/kurse-seminare\/visagismus\/masken-make-up.html\"><strong>Masken Make-up<\/strong><\/a>, sch\u00f6n und h\u00e4sslich&#8220; teil.<\/p>\n<p><a href=\"https:\/\/www.aesthetic-cosmetic.com\/blog\/wp-content\/uploads\/2014\/12\/masken5.jpg\"><img loading=\"lazy\" decoding=\"async\" class=\"aligncenter size-large wp-image-1204\" title=\"DCF 1.0\" src=\"https:\/\/www.aesthetic-cosmetic.com\/blog\/wp-content\/uploads\/2014\/12\/masken5-1024x768.jpg\" alt=\"\" width=\"450\" height=\"337\" srcset=\"https:\/\/www.aesthetic-cosmetic.com\/blog\/wp-content\/uploads\/2014\/12\/masken5-1024x768.jpg 1024w, https:\/\/www.aesthetic-cosmetic.com\/blog\/wp-content\/uploads\/2014\/12\/masken5-300x225.jpg 300w, https:\/\/www.aesthetic-cosmetic.com\/blog\/wp-content\/uploads\/2014\/12\/masken5.jpg 1280w\" sizes=\"auto, (max-width: 450px) 100vw, 450px\" \/><\/a><\/p>\n<p>Werden Sie &#8222;<a title=\"Make-up Zauberer\" href=\"http:\/\/www.aesthetic-cosmetic.com\/kurse-seminare\/visagismus\/masken-make-up.html\"><strong>Make-up-Zauberer<\/strong><\/a>&#8220; &#8211; Sie werden staunen, was Sie anschlie\u00dfend k\u00f6nnen und Sie werden begeistert sein, wie geschickt Sie sind. Au\u00dferdem: Wir kennen kein Seminar, an dem die Teilnehmer so begeistert und enthusiastisch teilnehmen.<\/p>\n<p>&nbsp;<\/p>\n","protected":false},"excerpt":{"rendered":"<p>Unsere Weihnachtsfee schenkt Masken zu Weihnachten!?!?! Bei Anmeldung bis 24. Dezember 2014 zum Seminar Masken Make-up am 10.\/11. Januar 2015, erhalten Sie einen 10-prozentigen Weihnachtsnachlass. Denn der n\u00e4chste Karneval, Fasching oder Fasnet &#8211; uf allemanisch &#8211; steht schon wieder vor der T\u00fcr. Wer Make-up lernen, und Hexen, M\u00f6nche mit Glatzen, &#8222;Tattergreise&#8220;, krumme und schiefe Nasen, [&hellip;]<\/p>\n","protected":false},"author":2,"featured_media":0,"comment_status":"open","ping_status":"open","sticky":false,"template":"","format":"standard","meta":{"footnotes":""},"categories":[41,27,64,59],"tags":[24,9,26,25,12,10],"class_list":["post-1200","post","type-post","status-publish","format-standard","hentry","category-ausbildung","category-kurseseminare","category-shireen","category-visagismus-make-up","tag-kosmetikschule","tag-make-up-fachfrau","tag-make-up-artist","tag-maskenbildner","tag-visagist","tag-visagistin"],"_links":{"self":[{"href":"https:\/\/www.aesthetic-cosmetic.com\/blog\/wp-json\/wp\/v2\/posts\/1200","targetHints":{"allow":["GET"]}}],"collection":[{"href":"https:\/\/www.aesthetic-cosmetic.com\/blog\/wp-json\/wp\/v2\/posts"}],"about":[{"href":"https:\/\/www.aesthetic-cosmetic.com\/blog\/wp-json\/wp\/v2\/types\/post"}],"author":[{"embeddable":true,"href":"https:\/\/www.aesthetic-cosmetic.com\/blog\/wp-json\/wp\/v2\/users\/2"}],"replies":[{"embeddable":true,"href":"https:\/\/www.aesthetic-cosmetic.com\/blog\/wp-json\/wp\/v2\/comments?post=1200"}],"version-history":[{"count":2,"href":"https:\/\/www.aesthetic-cosmetic.com\/blog\/wp-json\/wp\/v2\/posts\/1200\/revisions"}],"predecessor-version":[{"id":1206,"href":"https:\/\/www.aesthetic-cosmetic.com\/blog\/wp-json\/wp\/v2\/posts\/1200\/revisions\/1206"}],"wp:attachment":[{"href":"https:\/\/www.aesthetic-cosmetic.com\/blog\/wp-json\/wp\/v2\/media?parent=1200"}],"wp:term":[{"taxonomy":"category","embeddable":true,"href":"https:\/\/www.aesthetic-cosmetic.com\/blog\/wp-json\/wp\/v2\/categories?post=1200"},{"taxonomy":"post_tag","embeddable":true,"href":"https:\/\/www.aesthetic-cosmetic.com\/blog\/wp-json\/wp\/v2\/tags?post=1200"}],"curies":[{"name":"wp","href":"https:\/\/api.w.org\/{rel}","templated":true}]}}