{"id":1175,"date":"2014-11-20T20:03:02","date_gmt":"2014-11-20T18:03:02","guid":{"rendered":"http:\/\/www.aesthetic-cosmetic.com\/blog\/?p=1175"},"modified":"2014-11-20T20:03:02","modified_gmt":"2014-11-20T18:03:02","slug":"haarpflege-an-der-kosmetikschule","status":"publish","type":"post","link":"https:\/\/www.aesthetic-cosmetic.com\/blog\/2014\/11\/haarpflege-an-der-kosmetikschule\/","title":{"rendered":"Haarpflege an der Kosmetikschule?"},"content":{"rendered":"<p>Wer <a title=\"Kosmetikschule\" href=\"http:\/\/www.aesthetic-cosmetic.com\/\"><strong>Kosmetik lernt<\/strong><\/a>, ist nicht nur mit der Behandlung der Haut besch\u00e4ftigt, sondern auch mit den Haaren, entweder durch die <a title=\"langanhaltende Haarentfernung kaufen\" href=\"http:\/\/www.shop.depilation.de\/\"><strong>langanhaltende<\/strong><\/a> bzw. <a title=\"dauerhafte Haarentfernung kaufen\" href=\"http:\/\/www.shop.depilation.de\/\"><strong>dauerhafte Haarentfernung<\/strong><\/a>, aber auch an der Sch\u00f6nheitpflege bestehender Haare. Wenn auch das Kopfhaar f\u00fcr den Friseurberuf &#8222;reserviert&#8220; ist, so kann die <strong><a title=\"Kosmetikerin werden\" href=\"http:\/\/www.aesthetic-cosmetic.com\/\">Kosmetikerin<\/a><\/strong> das Wimpern- und Brauenf\u00e4rben, sowie die Wimperndauerwelle in ihr Programm aufnehmen oder sich schwerpunktsm\u00e4\u00dfig darauf spezialisieren. Aus diesem Grund sind diese Themen Inhalte des Curriculums der <a title=\"Kosmetikschule\" href=\"http:\/\/www.aesthetic-cosmetic.com\/\"><strong>Kosmetikschule<\/strong><\/a>.<\/p>\n<p>Seit dieser Woche bietet der <a title=\"Haarentfernungsshop\" href=\"http:\/\/www.shop.depilation.de\/\"><strong>Webshop depilation.de<\/strong><\/a> nicht nur Produkte f\u00fcr die langanhaltende bzw. <a title=\"dauerhafte Haarentfernung kaufen\" href=\"http:\/\/www.shop.depilation.de\/\"><strong>dauerhafte Haarentfernung<\/strong><\/a> an, sondern auch Produkte zum <a title=\"Wimpern- und Brauenf\u00e4rben\" href=\"http:\/\/shop.depilation.de\/Antidepilation-Brauen-Wimpernfarbe-dauerwelle-\/AUGENBRAUEN-WIMPERNFARBE:::24_25.html\"><strong>Wimpern- und Brauenf\u00e4rben<\/strong><\/a>, aber auch die <a title=\"Wimperndauerwelle kaufen\" href=\"http:\/\/shop.depilation.de\/Antidepilation-Brauen-Wimpernfarbe-dauerwelle-\/WIMPERNDAUERWELLE:::24_26.html\"><strong>Wimperndauerwelle<\/strong><\/a>.<\/p>\n<figure id=\"attachment_1176\" aria-describedby=\"caption-attachment-1176\" style=\"width: 450px\" class=\"wp-caption aligncenter\"><a href=\"https:\/\/www.aesthetic-cosmetic.com\/blog\/wp-content\/uploads\/2014\/11\/IMB010.jpg\"><img loading=\"lazy\" decoding=\"async\" class=\"size-large wp-image-1176\" title=\"IMB010\" src=\"https:\/\/www.aesthetic-cosmetic.com\/blog\/wp-content\/uploads\/2014\/11\/IMB010-1024x700.jpg\" alt=\"\" width=\"450\" height=\"307\" srcset=\"https:\/\/www.aesthetic-cosmetic.com\/blog\/wp-content\/uploads\/2014\/11\/IMB010-1024x700.jpg 1024w, https:\/\/www.aesthetic-cosmetic.com\/blog\/wp-content\/uploads\/2014\/11\/IMB010-300x205.jpg 300w\" sizes=\"auto, (max-width: 450px) 100vw, 450px\" \/><\/a><figcaption id=\"caption-attachment-1176\" class=\"wp-caption-text\">Wimperdauerwelle von depilation.de<\/figcaption><\/figure>\n<p>Wer <strong><a title=\"Wimpern- und Brauenfarbe kaufen\" href=\"http:\/\/shop.depilation.de\/Antidepilation-Brauen-Wimpernfarbe-dauerwelle-\/AUGENBRAUEN-WIMPERNFARBE:::24_25.html\">Brauen- und Wimpernfarbe kaufen<\/a><\/strong> m\u00f6chte, hat jetzt die M\u00f6glichkeit Qualit\u00e4tsprodukte &#8222;made in Germany&#8220; zum enorm g\u00fcnstigen Preis einzukaufen. Das Gleiche gilt f\u00fcr die Person, die die <a title=\"Wimperndauerwelle kaufen\" href=\"http:\/\/shop.depilation.de\/Antidepilation-Brauen-Wimpernfarbe-dauerwelle-\/WIMPERNDAUERWELLE:::24_26.html\"><strong>Wimperndauerwelle kaufen<\/strong><\/a> m\u00f6chte.<\/p>\n<p>&nbsp;<\/p>\n","protected":false},"excerpt":{"rendered":"<p>Wer Kosmetik lernt, ist nicht nur mit der Behandlung der Haut besch\u00e4ftigt, sondern auch mit den Haaren, entweder durch die langanhaltende bzw. dauerhafte Haarentfernung, aber auch an der Sch\u00f6nheitpflege bestehender Haare. Wenn auch das Kopfhaar f\u00fcr den Friseurberuf &#8222;reserviert&#8220; ist, so kann die Kosmetikerin das Wimpern- und Brauenf\u00e4rben, sowie die Wimperndauerwelle in ihr Programm aufnehmen [&hellip;]<\/p>\n","protected":false},"author":2,"featured_media":0,"comment_status":"open","ping_status":"open","sticky":false,"template":"","format":"standard","meta":{"footnotes":""},"categories":[53,42,7,69],"tags":[36,22,50,20,23,6,33,32,31,51,43,74,24,34,70,71],"class_list":["post-1175","post","type-post","status-publish","format-standard","hentry","category-depilation-haarentfernung","category-kosmetik","category-kosmetikerin","category-kosmetische-pflegeprodukte","tag-ausbildung-zur-kosmetikerin","tag-body-sugaring","tag-brazilian-waxing","tag-dauerhafte-haarentfernung","tag-depilation","tag-fernlehrgang-zur-kosmetikerin","tag-fuspfleger","tag-fuspflegerinnen","tag-fuspflegeschule","tag-intim-enthaarung","tag-kosmetik-akademie","tag-kosmetikerin","tag-kosmetikschule","tag-waxing","tag-wimpern-und-brauenfarben","tag-wimperndauerwelle"],"_links":{"self":[{"href":"https:\/\/www.aesthetic-cosmetic.com\/blog\/wp-json\/wp\/v2\/posts\/1175","targetHints":{"allow":["GET"]}}],"collection":[{"href":"https:\/\/www.aesthetic-cosmetic.com\/blog\/wp-json\/wp\/v2\/posts"}],"about":[{"href":"https:\/\/www.aesthetic-cosmetic.com\/blog\/wp-json\/wp\/v2\/types\/post"}],"author":[{"embeddable":true,"href":"https:\/\/www.aesthetic-cosmetic.com\/blog\/wp-json\/wp\/v2\/users\/2"}],"replies":[{"embeddable":true,"href":"https:\/\/www.aesthetic-cosmetic.com\/blog\/wp-json\/wp\/v2\/comments?post=1175"}],"version-history":[{"count":2,"href":"https:\/\/www.aesthetic-cosmetic.com\/blog\/wp-json\/wp\/v2\/posts\/1175\/revisions"}],"predecessor-version":[{"id":1178,"href":"https:\/\/www.aesthetic-cosmetic.com\/blog\/wp-json\/wp\/v2\/posts\/1175\/revisions\/1178"}],"wp:attachment":[{"href":"https:\/\/www.aesthetic-cosmetic.com\/blog\/wp-json\/wp\/v2\/media?parent=1175"}],"wp:term":[{"taxonomy":"category","embeddable":true,"href":"https:\/\/www.aesthetic-cosmetic.com\/blog\/wp-json\/wp\/v2\/categories?post=1175"},{"taxonomy":"post_tag","embeddable":true,"href":"https:\/\/www.aesthetic-cosmetic.com\/blog\/wp-json\/wp\/v2\/tags?post=1175"}],"curies":[{"name":"wp","href":"https:\/\/api.w.org\/{rel}","templated":true}]}}