{"id":1084,"date":"2014-10-02T17:12:28","date_gmt":"2014-10-02T15:12:28","guid":{"rendered":"http:\/\/www.aesthetic-cosmetic.com\/blog\/?p=1084"},"modified":"2014-10-02T17:12:28","modified_gmt":"2014-10-02T15:12:28","slug":"zeigt-her-eure-fuse","status":"publish","type":"post","link":"https:\/\/www.aesthetic-cosmetic.com\/blog\/2014\/10\/zeigt-her-eure-fuse\/","title":{"rendered":"Zeigt her eure F\u00fc\u00dfe &#8230;"},"content":{"rendered":"<p>Zeigt her Eure F\u00fc\u00dfe, zeigt her Eure Schuh, und schauet den flei\u00dfigen <a title=\"Fu\u00dfpflegerin lernen\" href=\"http:\/\/www.aesthetic-cosmetic.com\/kurse-seminare\/fusspflege-und-erweiterungen\/fusspflege.html\"><strong>Fu\u00dfpflegerinnen<\/strong><\/a> zu &#8230;<\/p>\n<p><a href=\"https:\/\/www.aesthetic-cosmetic.com\/blog\/wp-content\/uploads\/2014\/10\/Fu\u00dfSchmal1.jpg\"><img loading=\"lazy\" decoding=\"async\" class=\"aligncenter size-large wp-image-1086\" title=\"Fu\u00dfSchmal\" src=\"https:\/\/www.aesthetic-cosmetic.com\/blog\/wp-content\/uploads\/2014\/10\/Fu\u00dfSchmal1-e1412262731445-768x1024.jpg\" alt=\"\" width=\"450\" height=\"600\" srcset=\"https:\/\/www.aesthetic-cosmetic.com\/blog\/wp-content\/uploads\/2014\/10\/Fu\u00dfSchmal1-e1412262731445-768x1024.jpg 768w, https:\/\/www.aesthetic-cosmetic.com\/blog\/wp-content\/uploads\/2014\/10\/Fu\u00dfSchmal1-e1412262731445-225x300.jpg 225w\" sizes=\"auto, (max-width: 450px) 100vw, 450px\" \/><\/a><\/p>\n<p><a title=\"medizinische Fu\u00dfpflege lernen\" href=\"http:\/\/www.aesthetic-cosmetic.com\/kurse-seminare\/fusspflege-und-erweiterungen\/fusspflege.html\"><strong>Medizinische Fu\u00dfpflege lernen<\/strong><\/a>, Hilfe und Vorbeugung f\u00fcr Menschen jeder Altersstufe. Nach der Fu\u00dfpflege mit Wohlf\u00fchlfaktor wie auf Wolken schweben!<\/p>\n<p>Termine f\u00fcr<a title=\"med. Fu\u00dfpflegeseminar\" href=\"http:\/\/www.aesthetic-cosmetic.com\/kurse-seminare\/fusspflege-und-erweiterungen\/fusspflege.html\"><strong> med. Fu\u00dfpflegeseminare<\/strong><\/a> finden Sie auf unserer Webseite <a title=\"Kosmetikschule\" href=\"http:\/\/www.aesthetic-cosmetic.com\/\"><strong>www.aesthetic-cosmetic.com<\/strong><\/a>. Suchen Sie sich einen passenden Termin aus. Die Daten bis Ende 2015 k\u00f6nnen bereits abgerufen werden.<\/p>\n","protected":false},"excerpt":{"rendered":"<p>Zeigt her Eure F\u00fc\u00dfe, zeigt her Eure Schuh, und schauet den flei\u00dfigen Fu\u00dfpflegerinnen zu &#8230; Medizinische Fu\u00dfpflege lernen, Hilfe und Vorbeugung f\u00fcr Menschen jeder Altersstufe. Nach der Fu\u00dfpflege mit Wohlf\u00fchlfaktor wie auf Wolken schweben! Termine f\u00fcr med. Fu\u00dfpflegeseminare finden Sie auf unserer Webseite www.aesthetic-cosmetic.com. Suchen Sie sich einen passenden Termin aus. Die Daten bis Ende [&hellip;]<\/p>\n","protected":false},"author":2,"featured_media":0,"comment_status":"open","ping_status":"open","sticky":false,"template":"","format":"standard","meta":{"footnotes":""},"categories":[61,42,7,27],"tags":[6,43,74,24,28,30],"class_list":["post-1084","post","type-post","status-publish","format-standard","hentry","category-fuspflege","category-kosmetik","category-kosmetikerin","category-kurseseminare","tag-fernlehrgang-zur-kosmetikerin","tag-kosmetik-akademie","tag-kosmetikerin","tag-kosmetikschule","tag-medizinische-fuspflege","tag-podologe"],"_links":{"self":[{"href":"https:\/\/www.aesthetic-cosmetic.com\/blog\/wp-json\/wp\/v2\/posts\/1084","targetHints":{"allow":["GET"]}}],"collection":[{"href":"https:\/\/www.aesthetic-cosmetic.com\/blog\/wp-json\/wp\/v2\/posts"}],"about":[{"href":"https:\/\/www.aesthetic-cosmetic.com\/blog\/wp-json\/wp\/v2\/types\/post"}],"author":[{"embeddable":true,"href":"https:\/\/www.aesthetic-cosmetic.com\/blog\/wp-json\/wp\/v2\/users\/2"}],"replies":[{"embeddable":true,"href":"https:\/\/www.aesthetic-cosmetic.com\/blog\/wp-json\/wp\/v2\/comments?post=1084"}],"version-history":[{"count":2,"href":"https:\/\/www.aesthetic-cosmetic.com\/blog\/wp-json\/wp\/v2\/posts\/1084\/revisions"}],"predecessor-version":[{"id":1088,"href":"https:\/\/www.aesthetic-cosmetic.com\/blog\/wp-json\/wp\/v2\/posts\/1084\/revisions\/1088"}],"wp:attachment":[{"href":"https:\/\/www.aesthetic-cosmetic.com\/blog\/wp-json\/wp\/v2\/media?parent=1084"}],"wp:term":[{"taxonomy":"category","embeddable":true,"href":"https:\/\/www.aesthetic-cosmetic.com\/blog\/wp-json\/wp\/v2\/categories?post=1084"},{"taxonomy":"post_tag","embeddable":true,"href":"https:\/\/www.aesthetic-cosmetic.com\/blog\/wp-json\/wp\/v2\/tags?post=1084"}],"curies":[{"name":"wp","href":"https:\/\/api.w.org\/{rel}","templated":true}]}}