{"id":1060,"date":"2014-09-27T11:55:37","date_gmt":"2014-09-27T09:55:37","guid":{"rendered":"http:\/\/www.aesthetic-cosmetic.com\/blog\/?p=1060"},"modified":"2014-09-27T13:17:08","modified_gmt":"2014-09-27T11:17:08","slug":"die-fachwirte-fur-wellness-und-beauty-sind-wieder-im-haus","status":"publish","type":"post","link":"https:\/\/www.aesthetic-cosmetic.com\/blog\/2014\/09\/die-fachwirte-fur-wellness-und-beauty-sind-wieder-im-haus\/","title":{"rendered":"Die Fachwirte f\u00fcr Wellness und Beauty sind wieder im Haus"},"content":{"rendered":"<p>Die neuen Teilnehmer sind zu den ersten Pr\u00e4senzphasen f\u00fcr den <a title=\"Fachwirt Wellness Beauty\" href=\"http:\/\/www.aesthetic-cosmetic.com\/fernstudium\/fachwirtin-fuer-wellness-beauty-ihk.html\"><strong>Fachwirt f\u00fcr Wellness und Beauty<\/strong><\/a> im Hause <a title=\"Kosmetikschule ac\" href=\"http:\/\/www.aesthetic-cosmetic.com\/\"><strong>aesthetic + cosmetic<\/strong><\/a>: Im Bild einen Ausschnitt aus dem &#8222;Arbeitsmaterial&#8220; f\u00fcr diese Management-Kombinationsausbildung, bestehend aus Online-lernen, Fernunterricht und Pr\u00e4senzphasen.<a title=\"Wellness lernen\" href=\"http:\/\/www.aesthetic-cosmetic.com\/fernstudium\/wellness-und-beauty-fachfrau.html\"><strong> <\/strong><\/a><\/p>\n<p><a href=\"https:\/\/www.aesthetic-cosmetic.com\/blog\/wp-content\/uploads\/2014\/09\/2014-15Arbeitmaterial3.jpg\"><img loading=\"lazy\" decoding=\"async\" class=\"aligncenter size-large wp-image-1078\" title=\"2014-15Arbeitmaterial\" src=\"https:\/\/www.aesthetic-cosmetic.com\/blog\/wp-content\/uploads\/2014\/09\/2014-15Arbeitmaterial3-e1411816465280-768x1024.jpg\" alt=\"\" width=\"450\" height=\"600\" srcset=\"https:\/\/www.aesthetic-cosmetic.com\/blog\/wp-content\/uploads\/2014\/09\/2014-15Arbeitmaterial3-e1411816465280-768x1024.jpg 768w, https:\/\/www.aesthetic-cosmetic.com\/blog\/wp-content\/uploads\/2014\/09\/2014-15Arbeitmaterial3-e1411816465280-225x300.jpg 225w\" sizes=\"auto, (max-width: 450px) 100vw, 450px\" \/><\/a><\/p>\n<p><a title=\"Wellness lernen\" href=\"http:\/\/www.aesthetic-cosmetic.com\/fernstudium\/wellness-und-beauty-fachfrau.html\"><strong>Wellness und Beauty lernen<\/strong><\/a> bzw. <a title=\"Fachwirt Wellness Kosmetik werden\" href=\"http:\/\/www.aesthetic-cosmetic.com\/fernstudium\/fachwirtin-fuer-wellness-beauty-ihk.html\"><strong>Fachwirt f\u00fcr Wellness und Beauty IHK werden<\/strong><\/a>: Die Ausbildung entspricht der Stufe 6 dem <a title=\"Bachelor in Wellness lernen\" href=\"http:\/\/www.aesthetic-cosmetic.com\/fernstudium\/fachwirtin-fuer-wellness-beauty-ihk.html\"><strong>Bachelor Professionell for Wellness and Beauty CCI<\/strong><\/a> nach dem Bologna-Abkommen. Ausschlie\u00dflich bei der IHK Hochrhein-Bodensee im Zusammenarbeit mit <a title=\"Kosmetikschule ac\" href=\"http:\/\/www.aesthetic-cosmetic.com\/\"><strong>aesthetic + cosmetic<\/strong><\/a> kann diese Managementausbildung erlernt werden.<\/p>\n<p>Wer die Grundlagen zu dieser Weiterbildungsma\u00dfnahme im Managementbereich erlernen will ist bei der <a title=\"kosmetikschule\" href=\"http:\/\/www.aesthetic-cosmetic.com\/fernstudium\/kosmetikerin.html\"><strong>Kosmetikschule<\/strong><\/a> von <a title=\"Kosmetikschule ac\" href=\"http:\/\/www.aesthetic-cosmetic.com\/\"><strong>aesthetic + cosmetic<\/strong><\/a> gut aufgehoben: Bei uns k\u00f6nnen Sie<\/p>\n<ul>\n<li><a title=\"kosmetikerin lernen\" href=\"http:\/\/www.aesthetic-cosmetic.com\/fernstudium\/kosmetikerin.html\"><strong>Kosmetikerin lernen<\/strong><\/a><\/li>\n<li><a title=\"Wellness lernen\" href=\"http:\/\/www.aesthetic-cosmetic.com\/fernstudium\/wellness-und-beauty-fachfrau.html\"><strong>Wellness + Beauty Fachfrau lerne<\/strong>n<\/a><\/li>\n<\/ul>\n<p><a title=\"kosmetik lernen\" href=\"http:\/\/www.aesthetic-cosmetic.com\/fernstudium\/kosmetikerin.html\"><strong>Kosmetik<\/strong><\/a> und\/oder <a title=\"Wellness lernen\" href=\"http:\/\/www.aesthetic-cosmetic.com\/fernstudium\/wellness-und-beauty-fachfrau.html\"><strong>Wellness lernen<\/strong><\/a>, <a title=\"Kosmetikerin werden\" href=\"http:\/\/www.aesthetic-cosmetic.com\/fernstudium\/kosmetikerin.html\"><strong>Kosmetikerin werden<\/strong><\/a> oder auch <a title=\"wellnesstrainer werden\" href=\"http:\/\/www.aesthetic-cosmetic.com\/fernstudium\/wellness-und-beauty-fachfrau.html\"><\/a><strong><a title=\"wellnesstrainer werden\" href=\"http:\/\/www.aesthetic-cosmetic.com\/fernstudium\/wellness-und-beauty-fachfrau.html\">Wellnesstrainerin<\/a> <\/strong>bzw. <a title=\"wellness lernen\" href=\"http:\/\/www.aesthetic-cosmetic.com\/fernstudium\/wellness-und-beauty-fachfrau.html\"><strong>Wellness + Beauty Fachfrau<\/strong><\/a>: Berufe nicht nur der Zukunft, sondern der Gegenwart!<\/p>\n<p>&nbsp;<\/p>\n<p>&nbsp;<\/p>\n","protected":false},"excerpt":{"rendered":"<p>Die neuen Teilnehmer sind zu den ersten Pr\u00e4senzphasen f\u00fcr den Fachwirt f\u00fcr Wellness und Beauty im Hause aesthetic + cosmetic: Im Bild einen Ausschnitt aus dem &#8222;Arbeitsmaterial&#8220; f\u00fcr diese Management-Kombinationsausbildung, bestehend aus Online-lernen, Fernunterricht und Pr\u00e4senzphasen. Wellness und Beauty lernen bzw. Fachwirt f\u00fcr Wellness und Beauty IHK werden: Die Ausbildung entspricht der Stufe 6 dem [&hellip;]<\/p>\n","protected":false},"author":2,"featured_media":0,"comment_status":"open","ping_status":"open","sticky":false,"template":"","format":"standard","meta":{"footnotes":""},"categories":[1,41,3,42,7,27,13],"tags":[36,40,5,6,4,17,73,43,74,24,8,18],"class_list":["post-1060","post","type-post","status-publish","format-standard","hentry","category-allgemein","category-ausbildung","category-fernunterricht","category-kosmetik","category-kosmetikerin","category-kurseseminare","category-wellness","tag-ausbildung-zur-kosmetikerin","tag-diplomkosmetikerin","tag-fernlehrgang","tag-fernlehrgang-zur-kosmetikerin","tag-fernlernen","tag-fernschule","tag-fernunterricht","tag-kosmetik-akademie","tag-kosmetikerin","tag-kosmetikschule","tag-wellness-beauty-fachfrau","tag-wellness-und-beauty-fachfrau"],"_links":{"self":[{"href":"https:\/\/www.aesthetic-cosmetic.com\/blog\/wp-json\/wp\/v2\/posts\/1060","targetHints":{"allow":["GET"]}}],"collection":[{"href":"https:\/\/www.aesthetic-cosmetic.com\/blog\/wp-json\/wp\/v2\/posts"}],"about":[{"href":"https:\/\/www.aesthetic-cosmetic.com\/blog\/wp-json\/wp\/v2\/types\/post"}],"author":[{"embeddable":true,"href":"https:\/\/www.aesthetic-cosmetic.com\/blog\/wp-json\/wp\/v2\/users\/2"}],"replies":[{"embeddable":true,"href":"https:\/\/www.aesthetic-cosmetic.com\/blog\/wp-json\/wp\/v2\/comments?post=1060"}],"version-history":[{"count":7,"href":"https:\/\/www.aesthetic-cosmetic.com\/blog\/wp-json\/wp\/v2\/posts\/1060\/revisions"}],"predecessor-version":[{"id":1064,"href":"https:\/\/www.aesthetic-cosmetic.com\/blog\/wp-json\/wp\/v2\/posts\/1060\/revisions\/1064"}],"wp:attachment":[{"href":"https:\/\/www.aesthetic-cosmetic.com\/blog\/wp-json\/wp\/v2\/media?parent=1060"}],"wp:term":[{"taxonomy":"category","embeddable":true,"href":"https:\/\/www.aesthetic-cosmetic.com\/blog\/wp-json\/wp\/v2\/categories?post=1060"},{"taxonomy":"post_tag","embeddable":true,"href":"https:\/\/www.aesthetic-cosmetic.com\/blog\/wp-json\/wp\/v2\/tags?post=1060"}],"curies":[{"name":"wp","href":"https:\/\/api.w.org\/{rel}","templated":true}]}}