{"id":1037,"date":"2014-09-12T17:12:17","date_gmt":"2014-09-12T15:12:17","guid":{"rendered":"http:\/\/www.aesthetic-cosmetic.com\/blog\/?p=1037"},"modified":"2014-09-12T17:12:17","modified_gmt":"2014-09-12T15:12:17","slug":"perfektionierung-auch-der-wellness","status":"publish","type":"post","link":"https:\/\/www.aesthetic-cosmetic.com\/blog\/2014\/09\/perfektionierung-auch-der-wellness\/","title":{"rendered":"Perfektionierung auch der Wellness?"},"content":{"rendered":"<p>Dem Morning-Briefing des Handelblatts kann entnommen werden, dass der Wochenend-Titel einem Ph\u00e4nomen und zwar der &#8222;Selbstoptimierung&#8220; gewidmet ist. Danach wollen immer mehr Menschen nicht nur Terminkalender und Karriere perfektionieren, sondern auch den K\u00f6rper, die Freizeit und sich selbst.<\/p>\n<p>Wellness ist angesagt, und dies in perfekter Vorausplanung.<\/p>\n<p>Wer eine <a title=\"ausbildung wellness\" href=\"http:\/\/www.aesthetic-cosmetic.com\/fernstudium\/wellness-und-beauty-fachfrau.html\"><strong>Ausbildung in Wellness und Beauty<\/strong><\/a> durchf\u00fchrt oder beginnen will, wer <a title=\"Wellnessfachfrau werden\" href=\"http:\/\/www.aesthetic-cosmetic.com\/fernstudium\/wellness-und-beauty-fachfrau.html\"><strong>Wellness und Beautyfachfrau<\/strong><\/a>, <a title=\"wellnesstrainer werden\" href=\"http:\/\/www.aesthetic-cosmetic.com\/fernstudium\/wellness-und-beauty-fachfrau.html\"><strong>Wellnesstrainer\/in<\/strong><\/a> oder auch <a title=\"fachwirt wellness\" href=\"http:\/\/www.aesthetic-cosmetic.com\/fernstudium\/fachwirtin-fuer-wellness-beauty-ihk.html\"><strong>Fachwirt f\u00fcr Wellness und Beauty lernen<\/strong><\/a> m\u00f6chte,muss sich diesem Thema genau widmen. L\u00e4sst sich Wellness, in der Bedeutung des Wohlbefindens genau planen? Sicher nicht! Aber die Grundlagen schafft die <a title=\"wellnessfachkraft werden\" href=\"http:\/\/www.aesthetic-cosmetic.com\/fernstudium\/wellness-und-beauty-fachfrau.html\"><strong>Wellness- und Beautyfachkraft<\/strong><\/a>. Sie kann Rahmenbedingungen schaffen, in denen das Wohlf\u00fchlen leichter f\u00e4llt. Dazu geh\u00f6rt ein passendes englischsprachiger Begriff: Die Kunden bzw. Kundinnen wollen &#8222;gepampert&#8220; werden.<\/p>\n<p>Vielleicht ist dies eine Hilfe f\u00fcr den Versuch einer Perfektionierung des K\u00f6rpers und Geistes neben dem Dr\u00e4ngen des Terminkalenders und der Karriere? Ganz sicher kann die <a title=\"wellnessberater lernen\" href=\"http:\/\/www.aesthetic-cosmetic.com\/fernstudium\/wellness-und-beauty-fachfrau.html\"><strong>Wellnessberaterin<\/strong><\/a>, <a title=\"wellness lernen\" href=\"http:\/\/www.aesthetic-cosmetic.com\/fernstudium\/wellness-und-beauty-fachfrau.html\"><strong>Wellnessfachfrau<\/strong><\/a> und <a title=\"wellnesstrainer lernen\" href=\"http:\/\/www.aesthetic-cosmetic.com\/fernstudium\/wellness-und-beauty-fachfrau.html\"><strong>Wellnestrainerin<\/strong><\/a> Ausgleich f\u00fcr die Perfektionierung des beruflichen Lebens schaffen.<\/p>\n","protected":false},"excerpt":{"rendered":"<p>Dem Morning-Briefing des Handelblatts kann entnommen werden, dass der Wochenend-Titel einem Ph\u00e4nomen und zwar der &#8222;Selbstoptimierung&#8220; gewidmet ist. Danach wollen immer mehr Menschen nicht nur Terminkalender und Karriere perfektionieren, sondern auch den K\u00f6rper, die Freizeit und sich selbst. Wellness ist angesagt, und dies in perfekter Vorausplanung. Wer eine Ausbildung in Wellness und Beauty durchf\u00fchrt oder [&hellip;]<\/p>\n","protected":false},"author":2,"featured_media":0,"comment_status":"open","ping_status":"open","sticky":false,"template":"","format":"standard","meta":{"footnotes":""},"categories":[13],"tags":[8,18],"class_list":["post-1037","post","type-post","status-publish","format-standard","hentry","category-wellness","tag-wellness-beauty-fachfrau","tag-wellness-und-beauty-fachfrau"],"_links":{"self":[{"href":"https:\/\/www.aesthetic-cosmetic.com\/blog\/wp-json\/wp\/v2\/posts\/1037","targetHints":{"allow":["GET"]}}],"collection":[{"href":"https:\/\/www.aesthetic-cosmetic.com\/blog\/wp-json\/wp\/v2\/posts"}],"about":[{"href":"https:\/\/www.aesthetic-cosmetic.com\/blog\/wp-json\/wp\/v2\/types\/post"}],"author":[{"embeddable":true,"href":"https:\/\/www.aesthetic-cosmetic.com\/blog\/wp-json\/wp\/v2\/users\/2"}],"replies":[{"embeddable":true,"href":"https:\/\/www.aesthetic-cosmetic.com\/blog\/wp-json\/wp\/v2\/comments?post=1037"}],"version-history":[{"count":2,"href":"https:\/\/www.aesthetic-cosmetic.com\/blog\/wp-json\/wp\/v2\/posts\/1037\/revisions"}],"predecessor-version":[{"id":1039,"href":"https:\/\/www.aesthetic-cosmetic.com\/blog\/wp-json\/wp\/v2\/posts\/1037\/revisions\/1039"}],"wp:attachment":[{"href":"https:\/\/www.aesthetic-cosmetic.com\/blog\/wp-json\/wp\/v2\/media?parent=1037"}],"wp:term":[{"taxonomy":"category","embeddable":true,"href":"https:\/\/www.aesthetic-cosmetic.com\/blog\/wp-json\/wp\/v2\/categories?post=1037"},{"taxonomy":"post_tag","embeddable":true,"href":"https:\/\/www.aesthetic-cosmetic.com\/blog\/wp-json\/wp\/v2\/tags?post=1037"}],"curies":[{"name":"wp","href":"https:\/\/api.w.org\/{rel}","templated":true}]}}