{"id":1022,"date":"2014-09-09T08:21:59","date_gmt":"2014-09-09T06:21:59","guid":{"rendered":"http:\/\/www.aesthetic-cosmetic.com\/blog\/?p=1022"},"modified":"2014-09-09T08:25:02","modified_gmt":"2014-09-09T06:25:02","slug":"no-sommerblues-an-der-kosmetikschule","status":"publish","type":"post","link":"https:\/\/www.aesthetic-cosmetic.com\/blog\/2014\/09\/no-sommerblues-an-der-kosmetikschule\/","title":{"rendered":"No Sommerblues an der Kosmetikschule"},"content":{"rendered":"<p><a href=\"https:\/\/www.aesthetic-cosmetic.com\/blog\/wp-content\/uploads\/2014\/09\/summerblues.jpg\"><img loading=\"lazy\" decoding=\"async\" class=\"aligncenter size-medium wp-image-1025\" title=\"summerblues\" src=\"https:\/\/www.aesthetic-cosmetic.com\/blog\/wp-content\/uploads\/2014\/09\/summerblues-300x200.jpg\" alt=\"\" width=\"300\" height=\"200\" srcset=\"https:\/\/www.aesthetic-cosmetic.com\/blog\/wp-content\/uploads\/2014\/09\/summerblues-300x200.jpg 300w, https:\/\/www.aesthetic-cosmetic.com\/blog\/wp-content\/uploads\/2014\/09\/summerblues.jpg 900w\" sizes=\"auto, (max-width: 300px) 100vw, 300px\" \/><\/a><\/p>\n<p>Die Tage werden k\u00fcrzer, die N\u00e4chte l\u00e4nger: Jetzt ist Zeit an die Karriere im Sch\u00f6nheits- und Wellnessbereich zu denken, Zeit der Weiterbildung!<\/p>\n<p>Lassen Sie sich nebenberuflich per <a title=\"Fernschule Kosmetikerin\" href=\"http:\/\/www.aesthetic-cosmetic.com\/fernstudium\/fernunterrichte-learning.html\"><strong>Fernunterricht<\/strong><\/a> oder <strong><a title=\"Online zur Kosmetikerin\" href=\"http:\/\/www.aesthetic-cosmetic.com\/fernstudium\/fernunterrichte-learning.html\">Onlinelernen<\/a><\/strong> und Praxisanteilen zur <a title=\"Ausbildung Kosmetikerin\" href=\"http:\/\/www.aesthetic-cosmetic.com\/fernstudium\/kosmetikerin.html\"><strong>Kosmetikerin<\/strong><\/a>, <a title=\"Ausbildung wellness beauty\" href=\"http:\/\/www.aesthetic-cosmetic.com\/fernstudium\/wellness-und-beauty-fachfrau.html\"><strong>Wellness + Beautyfachfrau<\/strong><\/a>, <a title=\"Ausbildung Make-up artist\" href=\"http:\/\/www.aesthetic-cosmetic.com\/fernstudium\/make-up-fachfraumann-visagistin.html\"><strong>Make-up Artistin<\/strong><\/a> bzw. <a title=\"ausbildung visagist\" href=\"http:\/\/www.aesthetic-cosmetic.com\/fernstudium\/make-up-fachfraumann-visagistin.html\"><strong>Visagistin<\/strong><\/a>, <a title=\"ausbildung ern\u00e4hrungscoach\" href=\"http:\/\/www.aesthetic-cosmetic.com\/fernstudium\/ernaehrungs-fachfraumann-food-coach.html\"><strong>Ern\u00e4hrungscoach<\/strong><\/a> o.\u00e4. ausbilden. <a title=\"Visagistenschule\" href=\"http:\/\/www.aesthetic-cosmetic.com\/\"><strong>aesthetic + cosmetic<\/strong><\/a> gitbt Ihnen die Grundlage f\u00fcr interessante berufliche Aufstiege, als auch f\u00fcr ein erf\u00fclltes Leben. Verbinden Sie Neigungen mit der ausgef\u00fchrten T\u00e4tigkeit.<\/p>\n<p>Lassen Sie sich unsere Herbstangebote senden. Unsere Telefonhotline: 07668 99512-0. Wir gew\u00e4hren Ihnen zur Zeit einen Weiterbildungsbonus.<\/p>\n<p><a title=\"Kosmetikerin werden\" href=\"http:\/\/www.aesthetic-cosmetic.com\/fernstudium\/kosmetikerin.html\"><strong>Kosmetikerin werden<\/strong><\/a>, <a title=\"wellness lernen\" href=\"http:\/\/www.aesthetic-cosmetic.com\/fernstudium\/wellness-und-beauty-fachfrau.html\"><strong>Wellness<\/strong><\/a> oder <a title=\"make-up lernen\" href=\"http:\/\/www.aesthetic-cosmetic.com\/fernstudium\/make-up-fachfraumann-visagistin.html\"><strong>Make-up lernen<\/strong><\/a>, <a title=\"ern\u00e4hrungsberater werden\" href=\"http:\/\/www.aesthetic-cosmetic.com\/fernstudium\/ernaehrungs-fachfraumann-food-coach.html\"><strong>Ern\u00e4hrungsfachberaterin<\/strong><\/a> werden: nicht nur Neigungsberufe, die W\u00fcnsche realisieren, sondern auch sehr gefragt und damit sehr effezient sind.<\/p>\n","protected":false},"excerpt":{"rendered":"<p>Die Tage werden k\u00fcrzer, die N\u00e4chte l\u00e4nger: Jetzt ist Zeit an die Karriere im Sch\u00f6nheits- und Wellnessbereich zu denken, Zeit der Weiterbildung! Lassen Sie sich nebenberuflich per Fernunterricht oder Onlinelernen und Praxisanteilen zur Kosmetikerin, Wellness + Beautyfachfrau, Make-up Artistin bzw. Visagistin, Ern\u00e4hrungscoach o.\u00e4. ausbilden. aesthetic + cosmetic gitbt Ihnen die Grundlage f\u00fcr interessante berufliche Aufstiege, [&hellip;]<\/p>\n","protected":false},"author":2,"featured_media":0,"comment_status":"open","ping_status":"open","sticky":false,"template":"","format":"standard","meta":{"footnotes":""},"categories":[1,41,57,3,42,7,27,59,13],"tags":[36,40,47,48,45,5,6,11,4,17,73,46,43,74,24,9,26,25,12,10,8,18],"class_list":["post-1022","post","type-post","status-publish","format-standard","hentry","category-allgemein","category-ausbildung","category-ernahrungs-fachfrau","category-fernunterricht","category-kosmetik","category-kosmetikerin","category-kurseseminare","category-visagismus-make-up","category-wellness","tag-ausbildung-zur-kosmetikerin","tag-diplomkosmetikerin","tag-ernahrungs-fachfraumann","tag-ernahrungsberaterin","tag-farb-und-stilberaterin","tag-fernlehrgang","tag-fernlehrgang-zur-kosmetikerin","tag-fernlehrgange","tag-fernlernen","tag-fernschule","tag-fernunterricht","tag-food-coach","tag-kosmetik-akademie","tag-kosmetikerin","tag-kosmetikschule","tag-make-up-fachfrau","tag-make-up-artist","tag-maskenbildner","tag-visagist","tag-visagistin","tag-wellness-beauty-fachfrau","tag-wellness-und-beauty-fachfrau"],"_links":{"self":[{"href":"https:\/\/www.aesthetic-cosmetic.com\/blog\/wp-json\/wp\/v2\/posts\/1022","targetHints":{"allow":["GET"]}}],"collection":[{"href":"https:\/\/www.aesthetic-cosmetic.com\/blog\/wp-json\/wp\/v2\/posts"}],"about":[{"href":"https:\/\/www.aesthetic-cosmetic.com\/blog\/wp-json\/wp\/v2\/types\/post"}],"author":[{"embeddable":true,"href":"https:\/\/www.aesthetic-cosmetic.com\/blog\/wp-json\/wp\/v2\/users\/2"}],"replies":[{"embeddable":true,"href":"https:\/\/www.aesthetic-cosmetic.com\/blog\/wp-json\/wp\/v2\/comments?post=1022"}],"version-history":[{"count":3,"href":"https:\/\/www.aesthetic-cosmetic.com\/blog\/wp-json\/wp\/v2\/posts\/1022\/revisions"}],"predecessor-version":[{"id":1024,"href":"https:\/\/www.aesthetic-cosmetic.com\/blog\/wp-json\/wp\/v2\/posts\/1022\/revisions\/1024"}],"wp:attachment":[{"href":"https:\/\/www.aesthetic-cosmetic.com\/blog\/wp-json\/wp\/v2\/media?parent=1022"}],"wp:term":[{"taxonomy":"category","embeddable":true,"href":"https:\/\/www.aesthetic-cosmetic.com\/blog\/wp-json\/wp\/v2\/categories?post=1022"},{"taxonomy":"post_tag","embeddable":true,"href":"https:\/\/www.aesthetic-cosmetic.com\/blog\/wp-json\/wp\/v2\/tags?post=1022"}],"curies":[{"name":"wp","href":"https:\/\/api.w.org\/{rel}","templated":true}]}}