{"id":1008,"date":"2014-08-27T17:33:43","date_gmt":"2014-08-27T15:33:43","guid":{"rendered":"http:\/\/www.aesthetic-cosmetic.com\/blog\/?p=1008"},"modified":"2014-08-27T17:33:43","modified_gmt":"2014-08-27T15:33:43","slug":"jobs-fur-dieden-kosmetikerin-visagistin-oder-wellnessfachfraumann","status":"publish","type":"post","link":"https:\/\/www.aesthetic-cosmetic.com\/blog\/2014\/08\/jobs-fur-dieden-kosmetikerin-visagistin-oder-wellnessfachfraumann\/","title":{"rendered":"Jobs f\u00fcr die\/den Kosmetiker\/in, Visagist\/in oder Wellnessfachfrau\/mann"},"content":{"rendered":"<p>Wer bei uns die <a title=\"ausbildung kosmetikerin\" href=\"http:\/\/www.aesthetic-cosmetic.com\/fernstudium\/kosmetikerin.html\"><strong>Ausbildung als Kosmetikerin<\/strong><\/a>, <a title=\"ausbildung visagist\" href=\"http:\/\/www.aesthetic-cosmetic.com\/fernstudium\/make-up-fachfraumann-visagistin.html\"><strong>Visagistin<\/strong><\/a> oder <a title=\"ausbildung wellnessfachfrau\" href=\"http:\/\/www.aesthetic-cosmetic.com\/fernstudium\/wellness-und-beauty-fachfrau.html\"><strong>Wellnessfachfrau<\/strong><\/a> durchf\u00fchrt bzw. durchgef\u00fchrt hat oder dabei ist, <a title=\"Kosmetikerin lernen\" href=\"http:\/\/www.aesthetic-cosmetic.com\/fernstudium\/kosmetikerin.html\"><strong>Kosmetikerin<\/strong><\/a>, <a title=\"Visagist lernen\" href=\"http:\/\/www.aesthetic-cosmetic.com\/fernstudium\/make-up-fachfraumann-visagistin.html\"><strong>Visagistin<\/strong><\/a> oder <a title=\"wellnessfachfrau lernen\" href=\"http:\/\/www.aesthetic-cosmetic.com\/fernstudium\/wellness-und-beauty-fachfrau.html\"><strong>Wellnessfachfrau zu lernen<\/strong><\/a>, sollte sich folgende Jobausschreibung anschauen:<\/p>\n<p>Dschumbo Promotion GmbH sucht qualifiziertes Personal f\u00fcr die jahreszeitlichen Aktionen des Kosmetikkonzerns L&#8217;OR\u00c9AL Deutschland. Einzelheiten bei <a title=\"Kosmetikschule\" href=\"http:\/\/www.aesthetic-cosmetic.com\/\"><strong>aesthetic + cosmetic<\/strong><\/a>, Tel.: 07668 99512-0, oder bei Dschumbo Promotion, Tel. 030 264764-6645. Die n\u00e4chste Vorstellungsrunde ist am Mittwoch, den 10. September 2014.<\/p>\n<p><a href=\"https:\/\/www.aesthetic-cosmetic.com\/blog\/wp-content\/uploads\/2014\/08\/LOR\u00c8AL.jpg\"><img loading=\"lazy\" decoding=\"async\" class=\"aligncenter size-medium wp-image-1009\" title=\"L'OR\u00c8AL\" src=\"https:\/\/www.aesthetic-cosmetic.com\/blog\/wp-content\/uploads\/2014\/08\/LOR\u00c8AL-300x70.jpg\" alt=\"\" width=\"300\" height=\"70\" srcset=\"https:\/\/www.aesthetic-cosmetic.com\/blog\/wp-content\/uploads\/2014\/08\/LOR\u00c8AL-300x70.jpg 300w, https:\/\/www.aesthetic-cosmetic.com\/blog\/wp-content\/uploads\/2014\/08\/LOR\u00c8AL-1024x240.jpg 1024w, https:\/\/www.aesthetic-cosmetic.com\/blog\/wp-content\/uploads\/2014\/08\/LOR\u00c8AL.jpg 2008w\" sizes=\"auto, (max-width: 300px) 100vw, 300px\" \/><\/a><\/p>\n<p>Die <a title=\"ausbildung kosmetik\" href=\"http:\/\/www.aesthetic-cosmetic.com\/fernstudium\/kosmetikerin.html\"><strong>Ausbildung in Kosmetik<\/strong><\/a>, <a title=\"make-up lernen\" href=\"http:\/\/www.aesthetic-cosmetic.com\/fernstudium\/make-up-fachfraumann-visagistin.html\"><strong>Make-up<\/strong><\/a> und <a title=\"ausbildung wellness\" href=\"http:\/\/www.aesthetic-cosmetic.com\/fernstudium\/wellness-und-beauty-fachfrau.html\"><strong>Wellness<\/strong><\/a> ist nicht nur eine interessante und kreative Aufgabe, wie Sie sehen, sind die sp\u00e4teren Arbeitsm\u00f6glichkeiten vielf\u00e4ltig und es existieren unterschiedlichste Angebote.<\/p>\n<p>Nutzen Sie Ihre Chancen, indem Sie <a title=\"Kosmetik lernen\" href=\"http:\/\/www.aesthetic-cosmetic.com\/fernstudium\/kosmetikerin.html\"><strong>Kosmetik<\/strong><\/a>, <a title=\"make-up lernen\" href=\"http:\/\/www.aesthetic-cosmetic.com\/fernstudium\/make-up-fachfraumann-visagistin.html\"><strong>Make-up<\/strong><\/a> und\/oder <a title=\"wellness lernen\" href=\"http:\/\/www.aesthetic-cosmetic.com\/fernstudium\/wellness-und-beauty-fachfrau.html\"><strong>Wellness lernen<\/strong><\/a>. Dies ist bei uns nebenberuflich \u00fcber <a title=\"Kosmetikerin Fernlernen\" href=\"http:\/\/www.aesthetic-cosmetic.com\/fernstudium\/fernunterrichte-learning.html\"><strong>Fernlernen<\/strong><\/a> und<strong> <a title=\"online zur kosmetikerin\" href=\"http:\/\/www.aesthetic-cosmetic.com\/fernstudium\/fernunterrichte-learning.html\">e-Learning<\/a><\/strong><a title=\"online zur kosmetikerin\" href=\"http:\/\/www.aesthetic-cosmetic.com\/fernstudium\/fernunterrichte-learning.html\"><\/a> mit praktischen Pr\u00e4senzphasen m\u00f6glich. Mehr dar\u00fcber auf unserer Webseite <a title=\"Kosmetikakademie\" href=\"http:\/\/www.aesthetic-cosmetic.com\/\"><strong>www.aesthetic-cosmetic.com<\/strong><\/a>.<\/p>\n","protected":false},"excerpt":{"rendered":"<p>Wer bei uns die Ausbildung als Kosmetikerin, Visagistin oder Wellnessfachfrau durchf\u00fchrt bzw. durchgef\u00fchrt hat oder dabei ist, Kosmetikerin, Visagistin oder Wellnessfachfrau zu lernen, sollte sich folgende Jobausschreibung anschauen: Dschumbo Promotion GmbH sucht qualifiziertes Personal f\u00fcr die jahreszeitlichen Aktionen des Kosmetikkonzerns L&#8217;OR\u00c9AL Deutschland. Einzelheiten bei aesthetic + cosmetic, Tel.: 07668 99512-0, oder bei Dschumbo Promotion, Tel. [&hellip;]<\/p>\n","protected":false},"author":2,"featured_media":0,"comment_status":"open","ping_status":"open","sticky":false,"template":"","format":"standard","meta":{"footnotes":""},"categories":[41,3,42,7,59,13],"tags":[36,40,5,6,4,17,73,43,74,24,9,26,25,12,10,8,18],"class_list":["post-1008","post","type-post","status-publish","format-standard","hentry","category-ausbildung","category-fernunterricht","category-kosmetik","category-kosmetikerin","category-visagismus-make-up","category-wellness","tag-ausbildung-zur-kosmetikerin","tag-diplomkosmetikerin","tag-fernlehrgang","tag-fernlehrgang-zur-kosmetikerin","tag-fernlernen","tag-fernschule","tag-fernunterricht","tag-kosmetik-akademie","tag-kosmetikerin","tag-kosmetikschule","tag-make-up-fachfrau","tag-make-up-artist","tag-maskenbildner","tag-visagist","tag-visagistin","tag-wellness-beauty-fachfrau","tag-wellness-und-beauty-fachfrau"],"_links":{"self":[{"href":"https:\/\/www.aesthetic-cosmetic.com\/blog\/wp-json\/wp\/v2\/posts\/1008","targetHints":{"allow":["GET"]}}],"collection":[{"href":"https:\/\/www.aesthetic-cosmetic.com\/blog\/wp-json\/wp\/v2\/posts"}],"about":[{"href":"https:\/\/www.aesthetic-cosmetic.com\/blog\/wp-json\/wp\/v2\/types\/post"}],"author":[{"embeddable":true,"href":"https:\/\/www.aesthetic-cosmetic.com\/blog\/wp-json\/wp\/v2\/users\/2"}],"replies":[{"embeddable":true,"href":"https:\/\/www.aesthetic-cosmetic.com\/blog\/wp-json\/wp\/v2\/comments?post=1008"}],"version-history":[{"count":2,"href":"https:\/\/www.aesthetic-cosmetic.com\/blog\/wp-json\/wp\/v2\/posts\/1008\/revisions"}],"predecessor-version":[{"id":1011,"href":"https:\/\/www.aesthetic-cosmetic.com\/blog\/wp-json\/wp\/v2\/posts\/1008\/revisions\/1011"}],"wp:attachment":[{"href":"https:\/\/www.aesthetic-cosmetic.com\/blog\/wp-json\/wp\/v2\/media?parent=1008"}],"wp:term":[{"taxonomy":"category","embeddable":true,"href":"https:\/\/www.aesthetic-cosmetic.com\/blog\/wp-json\/wp\/v2\/categories?post=1008"},{"taxonomy":"post_tag","embeddable":true,"href":"https:\/\/www.aesthetic-cosmetic.com\/blog\/wp-json\/wp\/v2\/tags?post=1008"}],"curies":[{"name":"wp","href":"https:\/\/api.w.org\/{rel}","templated":true}]}}